{"id":481912,"date":"2025-09-08T14:52:45","date_gmt":"2025-09-08T18:52:45","guid":{"rendered":"https:\/\/deultimominuto.net\/en\/uncategorized\/miriam-german-appointed-as-a-member-of-the-board-of-directors-of-refidomsa\/"},"modified":"2025-09-08T14:52:45","modified_gmt":"2025-09-08T18:52:45","slug":"miriam-german-appointed-as-a-member-of-the-board-of-directors-of-refidomsa","status":"publish","type":"post","link":"https:\/\/deultimominuto.com\/en\/economy\/miriam-german-appointed-as-a-member-of-the-board-of-directors-of-refidomsa\/","title":{"rendered":"Miriam Germ\u00e1n appointed as a member of the Board of Directors of Refidomsa"},"content":{"rendered":"<strong>Santo Domingo<\/strong>.- The magistrate <strong>Miriam Concepci\u00f3n Germ\u00e1n Brito<\/strong> was incorporated as a member of the <strong>Board of Directors of the Dominican Petroleum Refinery (Refidomsa),<\/strong> in a session that marked the first working meeting after the integration of new representatives recommended by the President of the Republic, Luis Abinader.\n\nAlong with Germ\u00e1n Brito, <strong>Wilson Radham\u00e9s Rodr\u00edguez and Juan Pablo Rafael Portorreal \u00c1ngeles<\/strong> also joined, who will accompany Miguel \u00c1ngel de Jes\u00fas V\u00e1squez Escoto, already a member of the council, on the governing body.\n\n\n<p class=\"wp-block-paragraph\"><strong>You may be interested in: <\/strong><a href=\"https:\/\/ab.deultimominuto.net\/wp-content\/uploads\/2024\/08\/Carta-de-Miriam-German-817x1024-1.jpeg\" data-type=\"attachment\" data-id=\"368974\" target=\"_blank\" rel=\"noopener\">Carta-de-Miriam-German-817&#215;1024<\/a><\/p>\n\n\nThe meeting was headed by Samuel Pereyra, president of the Refidomsa Board of Directors, and was attended by Mag\u00edn J. D\u00edaz, Minister of Finance and Economy, representing the state&#8217;s shares in the company.\n\nPereyra highlighted that the integration of these figures reinforces Refidomsa&#8217;s institutional framework and consolidates its role in the country&#8217;s energy security. &#8220;With the incorporation of these distinguished professionals, we reaffirm the commitment to work with transparency, efficiency, and a vision for the future,&#8221; he pointed out.","protected":false},"excerpt":{"rendered":"<p>Santo Domingo.- The magistrate Miriam Concepci\u00f3n Germ\u00e1n Brito was incorporated as a member of the Board of Directors of the Dominican Petroleum Refinery (Refidomsa), in a session that marked the first working meeting after the integration of new representatives recommended by the President of the Republic, Luis Abinader. Along with Germ\u00e1n Brito, Wilson Radham\u00e9s Rodr\u00edguez [&hellip;]<\/p>\n","protected":false},"author":4,"featured_media":481913,"comment_status":"open","ping_status":"open","sticky":false,"template":"","format":"standard","meta":{"_acf_changed":false,"_jetpack_newsletter_access":"","_jetpack_dont_email_post_to_subs":false,"_jetpack_newsletter_tier_id":0,"_jetpack_memberships_contains_paywalled_content":false,"_jetpack_memberships_contains_paid_content":false,"footnotes":"","_members_access_role":[],"_members_access_error":""},"categories":[4],"tags":[16048,14549],"class_list":["post-481912","post","type-post","status-publish","format-standard","has-post-thumbnail","category-economy","tag-miriam-german-brito","tag-refidomsa"],"acf":[],"jetpack_sharing_enabled":true,"jetpack_shortlink":"https:\/\/wp.me\/phj1q1-21mM","jetpack_featured_media_url":"https:\/\/deultimominuto.com\/en\/wp-content\/uploads\/sites\/2\/2025\/09\/miriam-german-refidomsa.jpg","dum_api":{"author_name":"Redacci\u00f3n De \u00daltimo Minuto","author_image":"https:\/\/deultimominuto.com\/wp-content\/uploads\/2025\/02\/cropped-logo-de-ultimo-minuto-96x96.png","categories_name":["Economy"],"featured_media_url":"https:\/\/cdn.deultimominuto.com\/en\/wp-content\/uploads\/sites\/2\/2025\/09\/miriam-german-refidomsa.jpg"},"_links":{"self":[{"href":"https:\/\/deultimominuto.com\/en\/wp-json\/wp\/v2\/posts\/481912","targetHints":{"allow":["GET"]}}],"collection":[{"href":"https:\/\/deultimominuto.com\/en\/wp-json\/wp\/v2\/posts"}],"about":[{"href":"https:\/\/deultimominuto.com\/en\/wp-json\/wp\/v2\/types\/post"}],"author":[{"embeddable":true,"href":"https:\/\/deultimominuto.com\/en\/wp-json\/wp\/v2\/users\/4"}],"replies":[{"embeddable":true,"href":"https:\/\/deultimominuto.com\/en\/wp-json\/wp\/v2\/comments?post=481912"}],"version-history":[{"count":0,"href":"https:\/\/deultimominuto.com\/en\/wp-json\/wp\/v2\/posts\/481912\/revisions"}],"wp:featuredmedia":[{"embeddable":true,"href":"https:\/\/deultimominuto.com\/en\/wp-json\/wp\/v2\/media\/481913"}],"wp:attachment":[{"href":"https:\/\/deultimominuto.com\/en\/wp-json\/wp\/v2\/media?parent=481912"}],"wp:term":[{"taxonomy":"category","embeddable":true,"href":"https:\/\/deultimominuto.com\/en\/wp-json\/wp\/v2\/categories?post=481912"},{"taxonomy":"post_tag","embeddable":true,"href":"https:\/\/deultimominuto.com\/en\/wp-json\/wp\/v2\/tags?post=481912"}],"curies":[{"name":"wp","href":"https:\/\/api.w.org\/{rel}","templated":true}]}}