{"id":482044,"date":"2025-09-09T10:05:52","date_gmt":"2025-09-09T14:05:52","guid":{"rendered":"https:\/\/deultimominuto.net\/en\/uncategorized\/rafael-castillo-formalizes-registration-to-the-political-directorate-of-the-fuerza-del-pueblo\/"},"modified":"2025-09-09T10:05:52","modified_gmt":"2025-09-09T14:05:52","slug":"rafael-castillo-formalizes-registration-to-the-political-directorate-of-the-fuerza-del-pueblo","status":"publish","type":"post","link":"https:\/\/deultimominuto.com\/en\/dominican-news\/rafael-castillo-formalizes-registration-to-the-political-directorate-of-the-fuerza-del-pueblo\/","title":{"rendered":"Rafael Castillo formalizes registration to the Political Directorate of the Fuerza del Pueblo"},"content":{"rendered":"<p><strong>Santo Domingo<\/strong>. \u2013 The spokesperson for the Fuerza del Pueblo bench in the Chamber of Deputies, Rafael Castillo, declared that, with enthusiasm and a commitment to teamwork, he formalized his registration to be part of the Political Directorate of the party led by former President Leonel Fern\u00e1ndez.<\/p>\n<p>&#8220;Our organization takes a transcendental step in consolidating its internal democracy, opening up positions so that, democratically, all and each of the members can continue to grow and contribute from the different internal bodies that govern us. This has already been done in the Central Directorate, where members who make it up today were freely voted for. Now it is our turn, those of us who aspire to the Political Directorate, to submit to the will of our colleagues, so that together we can achieve the party objectives of bringing our party to power and contributing to the social transformation that the country needs,&#8221; Castillo expressed.<\/p>\n<p>The deputy highlighted that, like any young organization, the Fuerza del Pueblo is giving clear evidence that, with discipline and democratic conscience, they are not only the leaders of the political opposition, but also the party that represents the paths of development of the Dominican Republic, under the leadership of President Leonel Fern\u00e1ndez.<\/p>\n<p>The new members of the Political Directorate of the Fuerza del Pueblo will be elected this Sunday, September 14, within the framework of the Manolo Tav\u00e1rez Justo Electoral Congress.<\/p>\n<p>Castillo, who leads the so-called green bank, indicated that valuable colleagues from the bloc of deputies also registered with him, which reflects the political commitment that each local leader maintains with his party.<\/p>\n<p>Among the registered deputies, in addition to Rafael Castillo, are: Gilda Moronta, Nurca Nieves, Germ\u00e1n Mart\u00ednez, F\u00e9lix Michell, and Selin\u00e9e M\u00e9ndez.<\/p>\n","protected":false},"excerpt":{"rendered":"<p>Santo Domingo. \u2013 The spokesperson for the Fuerza del Pueblo bench in the Chamber of Deputies, Rafael Castillo, declared that, with enthusiasm and a commitment to teamwork, he formalized his registration to be part of the Political Directorate of the party led by former President Leonel Fern\u00e1ndez. &#8220;Our organization takes a transcendental step in consolidating [&hellip;]<\/p>\n","protected":false},"author":4,"featured_media":482045,"comment_status":"open","ping_status":"open","sticky":false,"template":"","format":"standard","meta":{"_acf_changed":false,"_jetpack_newsletter_access":"","_jetpack_dont_email_post_to_subs":false,"_jetpack_newsletter_tier_id":0,"_jetpack_memberships_contains_paywalled_content":false,"_jetpack_memberships_contains_paid_content":false,"footnotes":"","_members_access_role":[],"_members_access_error":""},"categories":[40216],"tags":[611,40231],"class_list":["post-482044","post","type-post","status-publish","format-standard","has-post-thumbnail","category-dominican-news","tag-deultimominuto","tag-dominican-republic"],"acf":[],"jetpack_sharing_enabled":true,"jetpack_shortlink":"https:\/\/wp.me\/phj1q1-21oU","jetpack_featured_media_url":"https:\/\/deultimominuto.com\/en\/wp-content\/uploads\/sites\/2\/2025\/09\/WhatsApp-Image-2025-09-09-at-10.03.54-AM.jpeg","dum_api":{"author_name":"Redacci\u00f3n De \u00daltimo Minuto","author_image":"https:\/\/deultimominuto.com\/wp-content\/uploads\/2025\/02\/cropped-logo-de-ultimo-minuto-96x96.png","categories_name":["Dominican News"],"featured_media_url":"https:\/\/cdn.deultimominuto.com\/en\/wp-content\/uploads\/sites\/2\/2025\/09\/WhatsApp-Image-2025-09-09-at-10.03.54-AM.jpeg"},"_links":{"self":[{"href":"https:\/\/deultimominuto.com\/en\/wp-json\/wp\/v2\/posts\/482044","targetHints":{"allow":["GET"]}}],"collection":[{"href":"https:\/\/deultimominuto.com\/en\/wp-json\/wp\/v2\/posts"}],"about":[{"href":"https:\/\/deultimominuto.com\/en\/wp-json\/wp\/v2\/types\/post"}],"author":[{"embeddable":true,"href":"https:\/\/deultimominuto.com\/en\/wp-json\/wp\/v2\/users\/4"}],"replies":[{"embeddable":true,"href":"https:\/\/deultimominuto.com\/en\/wp-json\/wp\/v2\/comments?post=482044"}],"version-history":[{"count":0,"href":"https:\/\/deultimominuto.com\/en\/wp-json\/wp\/v2\/posts\/482044\/revisions"}],"wp:featuredmedia":[{"embeddable":true,"href":"https:\/\/deultimominuto.com\/en\/wp-json\/wp\/v2\/media\/482045"}],"wp:attachment":[{"href":"https:\/\/deultimominuto.com\/en\/wp-json\/wp\/v2\/media?parent=482044"}],"wp:term":[{"taxonomy":"category","embeddable":true,"href":"https:\/\/deultimominuto.com\/en\/wp-json\/wp\/v2\/categories?post=482044"},{"taxonomy":"post_tag","embeddable":true,"href":"https:\/\/deultimominuto.com\/en\/wp-json\/wp\/v2\/tags?post=482044"}],"curies":[{"name":"wp","href":"https:\/\/api.w.org\/{rel}","templated":true}]}}