{"id":482047,"date":"2025-09-09T10:50:03","date_gmt":"2025-09-09T14:50:03","guid":{"rendered":"https:\/\/deultimominuto.net\/en\/uncategorized\/they-denounce-punta-catalina-sick-and-kills-hundreds-of-people-claim-3-billion-for-damages-caused\/"},"modified":"2025-09-09T10:52:10","modified_gmt":"2025-09-09T14:52:10","slug":"they-denounce-punta-catalina-sick-and-kills-hundreds-of-people-claim-3-billion-for-damages-caused","status":"publish","type":"post","link":"https:\/\/deultimominuto.com\/en\/dominican-news\/they-denounce-punta-catalina-sick-and-kills-hundreds-of-people-claim-3-billion-for-damages-caused\/","title":{"rendered":"They denounce Punta Catalina sick and kills: Hundreds of people claim 3 billion for damages caused"},"content":{"rendered":"<strong>Santo Domingo, R.D. \u2013<\/strong> Hundreds of people, represented by the lawyers of the <strong>Institute of Lawyers for the Protection of the Environment (<a href=\"https:\/\/insaproma.com\/\" target=\"_blank\" rel=\"noopener\">Insaproma<\/a>),<\/strong> filed a complaint this Tuesday against corruption and pollution derived from the Punta Catalina Thermoelectric Power Plant. The legal action was filed with the Specialized Prosecutor&#8217;s Office for the Prosecution of Administrative Corruption (<a href=\"https:\/\/ab.deultimominuto.net\/nacionales\/someten-ante-la-pepca-otro-funcionario-de-obras-publicas\/\" data-type=\"post\" data-id=\"223025\" target=\"_blank\" rel=\"noopener\">P<\/a>epca) and the Specialized Prosecutor&#8217;s Office for the Defense of the Environment and Natural Resources (PROEDEMAREN).\n\nThe lawsuit, which includes the constitution of a civil plaintiff, requests a joint compensation of 3 billion dollars for the damages caused to the communities and the Dominican State, due to the corruption and pollution associated with the plant located in the province of Peravia.\n\n\n<h3 class=\"wp-block-heading\"><strong>Read more: <a href=\"https:\/\/ab.deultimominuto.net\/nacionales\/residencial-juan-rafael\/\" data-type=\"post\" data-id=\"520999\" target=\"_blank\" rel=\"noopener\">Residents at the Juan Rafael Residential Complex report contaminated water<\/a><\/strong><\/h3>\n\n\nAmong the requested measures is the substitution of fossil fuels for renewable energy within a period of no more than four years and the elimination of the toxic ashes accumulated in the batey San Jos\u00e9, in the municipal district of Catalina.\n\nLikewise, imprisonment and millionaire fines are requested against former President Danilo Medina, former ministers and current ministers of Environment and Energy and Mines, as well as sanctions against Odebrecht, Tecnimont, Grupo Estrella and the Empresa de Generaci\u00f3n El\u00e9ctrica Punta Catalina (EGEPC).\n\nThe lawsuit details damage to the health of the population, agricultural production, fishing, coastal life, and the flooding of the Sabana Uvero de Paya coastline, attributed to the diversion of the marine current by the breakwater of the Punta Catalina coal port.\n\nThe document also includes the testimonies of experts such as electromechanical engineer Ra\u00fal Cabrera, agronomist Milton Mart\u00ednez, epidemiologist Carlos S\u00e1nchez, botanist Luis Carvajal, chemist Marcos Rodr\u00edguez, and coastal expert Adri\u00e1n Guti\u00e9rrez. Among the international witnesses cited is Lauri Myllyvirta, from the Centre for Research on Energy and Clean Air (CREA), from Finland.","protected":false},"excerpt":{"rendered":"<p>Santo Domingo, R.D. \u2013 Hundreds of people, represented by the lawyers of the Institute of Lawyers for the Protection of the Environment (Insaproma), filed a complaint this Tuesday against corruption and pollution derived from the Punta Catalina Thermoelectric Power Plant. The legal action was filed with the Specialized Prosecutor&#8217;s Office for the Prosecution of Administrative [&hellip;]<\/p>\n","protected":false},"author":102,"featured_media":482049,"comment_status":"open","ping_status":"open","sticky":false,"template":"","format":"standard","meta":{"_acf_changed":false,"_jetpack_newsletter_access":"","_jetpack_dont_email_post_to_subs":false,"_jetpack_newsletter_tier_id":0,"_jetpack_memberships_contains_paywalled_content":false,"_jetpack_memberships_contains_paid_content":false,"footnotes":"","_members_access_role":[],"_members_access_error":""},"categories":[40216],"tags":[17540,42177],"class_list":["post-482047","post","type-post","status-publish","format-standard","has-post-thumbnail","category-dominican-news","tag-punta-catalina","tag-they-report"],"acf":[],"jetpack_sharing_enabled":true,"jetpack_shortlink":"https:\/\/wp.me\/phj1q1-21oX","jetpack_featured_media_url":"https:\/\/deultimominuto.com\/en\/wp-content\/uploads\/sites\/2\/2025\/09\/WhatsApp-Image-2025-09-09-at-7.33.14-AM-1.jpeg","dum_api":{"author_name":"Yoan Silverio","author_image":"https:\/\/deultimominuto.com\/wp-content\/uploads\/2024\/03\/cropped-Captura-de-pantalla-2024-03-07-a-las-9.52.03\u202fp.-m-96x96.jpg","categories_name":["Dominican News"],"featured_media_url":"https:\/\/cdn.deultimominuto.com\/en\/wp-content\/uploads\/sites\/2\/2025\/09\/WhatsApp-Image-2025-09-09-at-7.33.14-AM-1.jpeg"},"_links":{"self":[{"href":"https:\/\/deultimominuto.com\/en\/wp-json\/wp\/v2\/posts\/482047","targetHints":{"allow":["GET"]}}],"collection":[{"href":"https:\/\/deultimominuto.com\/en\/wp-json\/wp\/v2\/posts"}],"about":[{"href":"https:\/\/deultimominuto.com\/en\/wp-json\/wp\/v2\/types\/post"}],"author":[{"embeddable":true,"href":"https:\/\/deultimominuto.com\/en\/wp-json\/wp\/v2\/users\/102"}],"replies":[{"embeddable":true,"href":"https:\/\/deultimominuto.com\/en\/wp-json\/wp\/v2\/comments?post=482047"}],"version-history":[{"count":0,"href":"https:\/\/deultimominuto.com\/en\/wp-json\/wp\/v2\/posts\/482047\/revisions"}],"wp:featuredmedia":[{"embeddable":true,"href":"https:\/\/deultimominuto.com\/en\/wp-json\/wp\/v2\/media\/482049"}],"wp:attachment":[{"href":"https:\/\/deultimominuto.com\/en\/wp-json\/wp\/v2\/media?parent=482047"}],"wp:term":[{"taxonomy":"category","embeddable":true,"href":"https:\/\/deultimominuto.com\/en\/wp-json\/wp\/v2\/categories?post=482047"},{"taxonomy":"post_tag","embeddable":true,"href":"https:\/\/deultimominuto.com\/en\/wp-json\/wp\/v2\/tags?post=482047"}],"curies":[{"name":"wp","href":"https:\/\/api.w.org\/{rel}","templated":true}]}}