{"id":482560,"date":"2025-09-12T12:36:17","date_gmt":"2025-09-12T16:36:17","guid":{"rendered":"https:\/\/deultimominuto.net\/en\/uncategorized\/judge-imposes-three-months-of-pre-trial-detention-on-those-accused-of-raping-a-young-woman-in-villa-gonzalez\/"},"modified":"2025-09-12T12:36:17","modified_gmt":"2025-09-12T16:36:17","slug":"judge-imposes-three-months-of-pre-trial-detention-on-those-accused-of-raping-a-young-woman-in-villa-gonzalez","status":"publish","type":"post","link":"https:\/\/deultimominuto.com\/en\/dominican-news\/justice\/judge-imposes-three-months-of-pre-trial-detention-on-those-accused-of-raping-a-young-woman-in-villa-gonzalez\/","title":{"rendered":"Judge imposes three months of pre-trial detention on those accused of raping a young woman in Villa Gonz\u00e1lez"},"content":{"rendered":"\n<p class=\"wp-block-paragraph\"><strong>Santiago.-<\/strong> The <strong>judge of the Permanent Attention Office of Santiago<\/strong>, <strong>Yerixa Cabral<\/strong>, ruled this Friday three months of preventive detention against the <strong>six men accused of sexually assaulting a 21-year-old woman in Villa Gonz\u00e1lez<\/strong>, recording the act and disseminating the images on digital platforms.<\/p>\n\n\nThe victim&#8217;s lawyer, <strong>Jos\u00e9 Mart\u00ednez Brito<\/strong>, described the decision as positive, considering it an important step in the judicial process. The accused must comply with the precautionary measure at the Mao Correction and Rehabilitation Center.\n\nThe defendants are Jos\u00e9 Alfonso Rubiera Rodr\u00edguez (Fonso), Delfri de Jes\u00fas Rodr\u00edguez (Yiyo), Edwin Manuel Castro Guzm\u00e1n (El Guaro), Javier Eduardo N\u00fa\u00f1ez Toribio (Beb\u00e9), Oniel Rafael Pichardo Mart\u00ednez (Contreras) and Yamir Fernando P\u00e9rez Toribio (Ferrere).\n\nThe <strong><a href=\"https:\/\/pgr.gob.do\/\" data-type=\"link\" data-id=\"https:\/\/pgr.gob.do\/\" target=\"_blank\" rel=\"noopener\">Public Ministry<\/a> had requested 18 months of preventive prison <\/strong>and that the case be declared complex, alleging the plurality of defendants, the possibility of including other responsible parties and the variety of crimes, including sexual assault, criminal association and sexual assault by electronic means.\n\nAccording to the indictment, <strong>the crime occurred last March<\/strong> in a residence in the community of La Javilla, Villa Gonz\u00e1lez, where the victim was taken under the pretense that she would be transferred to a health center by P\u00e9rez Toribio and another fugitive involved.\n\n\n<p class=\"wp-block-paragraph\"><strong>You may be interested in: <\/strong><a href=\"https:\/\/ab.deultimominuto.net\/nacionales\/selinee-mendez-villa-gonzalez\/\" data-type=\"link\" data-id=\"https:\/\/ab.deultimominuto.net\/nacionales\/selinee-mendez-villa-gonzalez\/\" target=\"_blank\" rel=\"noopener\">Selin\u00e9e M\u00e9ndez calls for exemplary punishment for the \u201ccowards\u201d who raped a young woman in Villa Gonz\u00e1lez<\/a><\/p>\n\n\nThe document states that when the young woman felt unwell, two of the accused offered to take her to a hospital, but instead of entering the medical center, they took her to the residence where they committed the sexual assault.\n\nThe case has caused great social outrage and keeps public opinion in suspense due to the seriousness of the events and the spread of the images on social media.","protected":false},"excerpt":{"rendered":"<p>Santiago.- The judge of the Permanent Attention Office of Santiago, Yerixa Cabral, ruled this Friday three months of preventive detention against the six men accused of sexually assaulting a 21-year-old woman in Villa Gonz\u00e1lez, recording the act and disseminating the images on digital platforms. The victim&#8217;s lawyer, Jos\u00e9 Mart\u00ednez Brito, described the decision as positive, [&hellip;]<\/p>\n","protected":false},"author":78,"featured_media":482561,"comment_status":"open","ping_status":"open","sticky":false,"template":"","format":"standard","meta":{"_acf_changed":false,"_jetpack_newsletter_access":"","_jetpack_dont_email_post_to_subs":false,"_jetpack_newsletter_tier_id":0,"_jetpack_memberships_contains_paywalled_content":false,"_jetpack_memberships_contains_paid_content":false,"footnotes":"","_members_access_role":[],"_members_access_error":""},"categories":[36952],"tags":[41088,14989],"class_list":["post-482560","post","type-post","status-publish","format-standard","has-post-thumbnail","category-justice","tag-preventive-detention","tag-villa-gonzalez"],"acf":[],"jetpack_sharing_enabled":true,"jetpack_shortlink":"https:\/\/wp.me\/phj1q1-21xe","jetpack_featured_media_url":"https:\/\/deultimominuto.com\/en\/wp-content\/uploads\/sites\/2\/2025\/09\/WhatsApp-Image-2025-09-12-at-12.32.42-PM.jpeg","dum_api":{"author_name":"Elsa Cesilia Feliz","author_image":"https:\/\/deultimominuto.com\/wp-content\/uploads\/2024\/03\/cropped-elsa-cesilia-96x96.jpg","categories_name":["Justice"],"featured_media_url":"https:\/\/cdn.deultimominuto.com\/en\/wp-content\/uploads\/sites\/2\/2025\/09\/WhatsApp-Image-2025-09-12-at-12.32.42-PM.jpeg"},"_links":{"self":[{"href":"https:\/\/deultimominuto.com\/en\/wp-json\/wp\/v2\/posts\/482560","targetHints":{"allow":["GET"]}}],"collection":[{"href":"https:\/\/deultimominuto.com\/en\/wp-json\/wp\/v2\/posts"}],"about":[{"href":"https:\/\/deultimominuto.com\/en\/wp-json\/wp\/v2\/types\/post"}],"author":[{"embeddable":true,"href":"https:\/\/deultimominuto.com\/en\/wp-json\/wp\/v2\/users\/78"}],"replies":[{"embeddable":true,"href":"https:\/\/deultimominuto.com\/en\/wp-json\/wp\/v2\/comments?post=482560"}],"version-history":[{"count":0,"href":"https:\/\/deultimominuto.com\/en\/wp-json\/wp\/v2\/posts\/482560\/revisions"}],"wp:featuredmedia":[{"embeddable":true,"href":"https:\/\/deultimominuto.com\/en\/wp-json\/wp\/v2\/media\/482561"}],"wp:attachment":[{"href":"https:\/\/deultimominuto.com\/en\/wp-json\/wp\/v2\/media?parent=482560"}],"wp:term":[{"taxonomy":"category","embeddable":true,"href":"https:\/\/deultimominuto.com\/en\/wp-json\/wp\/v2\/categories?post=482560"},{"taxonomy":"post_tag","embeddable":true,"href":"https:\/\/deultimominuto.com\/en\/wp-json\/wp\/v2\/tags?post=482560"}],"curies":[{"name":"wp","href":"https:\/\/api.w.org\/{rel}","templated":true}]}}