{"id":483367,"date":"2025-09-18T10:26:49","date_gmt":"2025-09-18T14:26:49","guid":{"rendered":"https:\/\/deultimominuto.net\/en\/uncategorized\/judge-opens-trial-against-raul-asencio-and-three-other-former-players-for-spreading-sexual-videos\/"},"modified":"2025-09-18T10:26:49","modified_gmt":"2025-09-18T14:26:49","slug":"judge-opens-trial-against-raul-asencio-and-three-other-former-players-for-spreading-sexual-videos","status":"publish","type":"post","link":"https:\/\/deultimominuto.com\/en\/sports\/football\/judge-opens-trial-against-raul-asencio-and-three-other-former-players-for-spreading-sexual-videos\/","title":{"rendered":"Judge opens trial against Ra\u00fal Asencio and three other former players for spreading sexual videos"},"content":{"rendered":"\n<h1 class=\"wp-block-heading\"><\/h1>\n\n\nLas Palmas de Gran Canaria, Sept. 18 (EFE) &#8211; Court number 3 of San Bartolom\u00e9 de Tirajana (Gran Canaria) has agreed to open oral proceedings against Real Madrid defender <a href=\"https:\/\/efe.com\/deportes\/2025-08-01\/fiscalia-carcel-jugador-real-madrid-asencio\/\" target=\"_blank\" rel=\"noreferrer noopener\">Ra\u00fal Asencio<\/a> and former players from the club&#8217;s youth system Ferr\u00e1n Ruiz, Juan Rodr\u00edguez and Andr\u00e9s Garc\u00eda, accused of having disseminated without permission videos of a sexual nature that affect two young women, one of whom is a minor.\n\n\n<p class=\"wp-block-paragraph\"><strong>You may be interested in:<\/strong> <a href=\"https:\/\/ab.deultimominuto.net\/deportes\/futbol\/thomas-partey-se-declara-no-culpable-de-violacion-y-agresion-sexual-en-tribunal-de-londres\/\" target=\"_blank\" rel=\"noopener\">Thomas Partey pleads not guilty to rape and sexual assault in London court<\/a><\/p>\n\n\nAccording to reports from the High Court of Justice of the Canary Islands, the judge requires Ruiz, Rodr\u00edguez, and Garc\u00eda to deposit bail bonds of 20,000 euros each, while requiring Ra\u00fal Asencio to provide one of 15,000 euros.\n\nThe difference lies in the fact that the first three are not only accused of having disseminated the videos, but also of being the authors of those recordings, without the consent of those affected.\n\nAgainst the ruling made public this Thursday &#8211; although it is dated September 2nd &#8211; there is no further appeal. Now, the case will be referred to a Criminal Court in Las Palmas de Gran Canaria to set the date for the public hearing.\n\n\n<h2 class=\"wp-block-heading\" id=\"h-los-hechos-por-los-que-seran-juzgados\">The deeds by which they will be judged<\/h2>\n\n\nThe events for which they are going to be judged occurred on June 15, 2023, when the four soccer players were spending the day at a beach club in the town of Amadores, in the south of Gran Canaria.\n\nFerr\u00e1n Ruiz, Juan Rodr\u00edguez and Andr\u00e9s Garc\u00eda met two girls, one of whom was 16 years old at the time, with whom they had a consensual sexual relationship in a private cabin of the club, which Ra\u00fal Asencio did not enter, who remained at all times apart from what happened there and stayed in the common pool.\n\nThe complainants claim that, without their permission, the three players, who are no longer with Real Madrid, recorded them having sex and shared those videos in WhatsApp groups, even though they had expressly asked them to delete them from their phones.\n\n\n<h2 class=\"wp-block-heading\" id=\"h-la-implicacion-de-asencio\">Asencio&#8217;s Involvement<\/h2>\n\n\nAsencio&#8217;s involvement in the case came days later, when one of the defendants sent him one of the videos to his mobile phone and he showed it to a friend, supposedly knowing that they had been taken against the will of the young women who appeared in them.\n\nIt&#8217;s something that he himself acknowledged in a WhatsApp message recovered by the Civil Guard from his phone, in which he said: &#8220;Hey, brother, I showed it to you because Juan (Rodr\u00edguez) passed it to me&#8221;, as stated in the ruling that ended the investigation.\n\n\n<h2 class=\"wp-block-heading\" id=\"h-peticiones-de-la-fiscalia\">Prosecution&#8217;s Requests<\/h2>\n\n\nIn this procedure, the Prosecution requests sentences of four years and seven months in prison for Ferr\u00e1n Ruiz, Juan Rodr\u00edguez and Andr\u00e9s Garc\u00eda, and two years and six months in prison for Ra\u00fal Asencio.\n\nFor the first three, he imputes a crime of distribution of child pornography in competition with two crimes against privacy, for having recorded and distributed the images, while Asencio attributes two crimes against privacy (for having shown the images knowing the circumstances in which they were recorded).\n\nIn the case, the two young complainants are also represented as private prosecutions. The one who was a minor at the time of the events brings charges against the four footballers, while&nbsp;<a href=\"https:\/\/efe.com\/deportes\/2025-09-11\/denunciantes-caso-canteranos-acusacion-raul-asencio\/\" target=\"_blank\" rel=\"noreferrer noopener\">her companion has withdrawn the accusation against Ra\u00fal Asencio.<\/a>\n\nAnd he did so, according to his lawyer&#8217;s confirmation to EFE, after having been compensated by the player in an amount that has not been made public and having received a formal letter of apology from the footballer, in which he expressly admits &#8220;the error&#8221; of having shown a third person the images he received on his mobile.","protected":false},"excerpt":{"rendered":"<p>Las Palmas de Gran Canaria, Sept. 18 (EFE) &#8211; Court number 3 of San Bartolom\u00e9 de Tirajana (Gran Canaria) has agreed to open oral proceedings against Real Madrid defender Ra\u00fal Asencio and former players from the club&#8217;s youth system Ferr\u00e1n Ruiz, Juan Rodr\u00edguez and Andr\u00e9s Garc\u00eda, accused of having disseminated without permission videos of a [&hellip;]<\/p>\n","protected":false},"author":3,"featured_media":483368,"comment_status":"open","ping_status":"open","sticky":false,"template":"","format":"standard","meta":{"_acf_changed":false,"_jetpack_newsletter_access":"","_jetpack_dont_email_post_to_subs":false,"_jetpack_newsletter_tier_id":0,"_jetpack_memberships_contains_paywalled_content":false,"_jetpack_memberships_contains_paid_content":false,"footnotes":"","_members_access_role":[],"_members_access_error":""},"categories":[40943],"tags":[611,40231,40853],"class_list":["post-483367","post","type-post","status-publish","format-standard","has-post-thumbnail","category-football","tag-deultimominuto","tag-dominican-republic","tag-thetruthnewspaper"],"acf":[],"jetpack_sharing_enabled":true,"jetpack_shortlink":"https:\/\/wp.me\/phj1q1-21Kf","jetpack_featured_media_url":"https:\/\/deultimominuto.com\/en\/wp-content\/uploads\/sites\/2\/2025\/09\/asencio-juicio.webp","dum_api":{"author_name":"EFE","author_image":"https:\/\/deultimominuto.com\/wp-content\/uploads\/2021\/08\/1200px-EFE_logo.svg-96x96.png","categories_name":["Football"],"featured_media_url":"https:\/\/cdn.deultimominuto.com\/en\/wp-content\/uploads\/sites\/2\/2025\/09\/asencio-juicio.webp"},"_links":{"self":[{"href":"https:\/\/deultimominuto.com\/en\/wp-json\/wp\/v2\/posts\/483367","targetHints":{"allow":["GET"]}}],"collection":[{"href":"https:\/\/deultimominuto.com\/en\/wp-json\/wp\/v2\/posts"}],"about":[{"href":"https:\/\/deultimominuto.com\/en\/wp-json\/wp\/v2\/types\/post"}],"author":[{"embeddable":true,"href":"https:\/\/deultimominuto.com\/en\/wp-json\/wp\/v2\/users\/3"}],"replies":[{"embeddable":true,"href":"https:\/\/deultimominuto.com\/en\/wp-json\/wp\/v2\/comments?post=483367"}],"version-history":[{"count":0,"href":"https:\/\/deultimominuto.com\/en\/wp-json\/wp\/v2\/posts\/483367\/revisions"}],"wp:featuredmedia":[{"embeddable":true,"href":"https:\/\/deultimominuto.com\/en\/wp-json\/wp\/v2\/media\/483368"}],"wp:attachment":[{"href":"https:\/\/deultimominuto.com\/en\/wp-json\/wp\/v2\/media?parent=483367"}],"wp:term":[{"taxonomy":"category","embeddable":true,"href":"https:\/\/deultimominuto.com\/en\/wp-json\/wp\/v2\/categories?post=483367"},{"taxonomy":"post_tag","embeddable":true,"href":"https:\/\/deultimominuto.com\/en\/wp-json\/wp\/v2\/tags?post=483367"}],"curies":[{"name":"wp","href":"https:\/\/api.w.org\/{rel}","templated":true}]}}