{"id":483821,"date":"2025-09-22T11:26:33","date_gmt":"2025-09-22T15:26:33","guid":{"rendered":"https:\/\/deultimominuto.net\/en\/uncategorized\/senator-dagoberto-rodriguez-calls-aerodoms-blackouts-at-aila-irresponsible\/"},"modified":"2025-09-22T11:26:33","modified_gmt":"2025-09-22T15:26:33","slug":"senator-dagoberto-rodriguez-calls-aerodoms-blackouts-at-aila-irresponsible","status":"publish","type":"post","link":"https:\/\/deultimominuto.com\/en\/dominican-news\/senator-dagoberto-rodriguez-calls-aerodoms-blackouts-at-aila-irresponsible\/","title":{"rendered":"Senator Dagoberto Rodriguez calls Aerodom&#8217;s blackouts at AILA irresponsible."},"content":{"rendered":"<strong>SANTO DOMINGO, RD.-<\/strong> Senator <strong>Dagoberto Rodr\u00edguez<\/strong> described as an &#8220;irresponsibility&#8221; of the administration of <strong>Aeropuertos Dominicanos Siglo XXI (Aerodom)<\/strong> the blackout of almost <strong>nine hours<\/strong> recorded last Sunday at the <strong>Las Am\u00e9ricas International Airport, Jos\u00e9 Francisco Pe\u00f1a G\u00f3mez (AILA)<\/strong>, which caused <strong>cancellations and delays in multiple flights<\/strong>.\n\nRodr\u00edguez maintained that neither the Government nor the electricity distribution company <strong>Edeeste<\/strong> are responsible for what happened, pointing out that the concessionaire should have had a <strong>\u201cplan B\u201d<\/strong> to deal with these types of situations.\n\n\n<p class=\"wp-block-paragraph\"><strong>You may be interested in<\/strong>: <a href=\"http:\/\/Contin\u00faan las quejas de usuarios tras apag\u00f3n en el AILA\">http:\/\/Contin\u00faan las quejas de usuarios tras apag\u00f3n en el AILA<\/a><\/p>\n\n\n\u201cIt is very regrettable what has happened, but <strong>Aerodom is the one who has to take into account what can happen and see further<\/strong>\u201d, expressed the legislator, while urging the <strong>security agencies<\/strong> to conduct a thorough investigation to determine the real causes of the electrical failure and prevent its repetition.\n\n&#8220;It&#8217;s not the State, it&#8217;s the leasing company that has to do with that,&#8221; Rodr\u00edguez pointed out.\n\nMeanwhile, the <strong>Airport Department<\/strong> reported that it has already initiated an investigation and requested an official report from Aerodom regarding the <strong>power outage<\/strong> that affected the terminal on Sunday.\n\nHowever, the situation was repeated a few hours later. In the early hours of this Monday, around <strong>2:00 a.m.<\/strong>, the AILA again registered an interruption of the electrical service. Aerodom explained that, on this occasion, it was a <strong>scheduled outage<\/strong> to allow the replacement of a generator and assured that, after the intervention, the service was <strong>restored<\/strong> and operations resumed normally in a &#8220;safe and timely&#8221; manner.","protected":false},"excerpt":{"rendered":"<p>SANTO DOMINGO, RD.- Senator Dagoberto Rodr\u00edguez described as an &#8220;irresponsibility&#8221; of the administration of Aeropuertos Dominicanos Siglo XXI (Aerodom) the blackout of almost nine hours recorded last Sunday at the Las Am\u00e9ricas International Airport, Jos\u00e9 Francisco Pe\u00f1a G\u00f3mez (AILA), which caused cancellations and delays in multiple flights. Rodr\u00edguez maintained that neither the Government nor the [&hellip;]<\/p>\n","protected":false},"author":78,"featured_media":483822,"comment_status":"open","ping_status":"open","sticky":false,"template":"","format":"standard","meta":{"_acf_changed":false,"_jetpack_newsletter_access":"","_jetpack_dont_email_post_to_subs":false,"_jetpack_newsletter_tier_id":0,"_jetpack_memberships_contains_paywalled_content":false,"_jetpack_memberships_contains_paid_content":false,"footnotes":"","_members_access_role":[],"_members_access_error":""},"categories":[40216],"tags":[15259,16482],"class_list":["post-483821","post","type-post","status-publish","format-standard","has-post-thumbnail","category-dominican-news","tag-aerodom","tag-aila"],"acf":[],"jetpack_sharing_enabled":true,"jetpack_shortlink":"https:\/\/wp.me\/phj1q1-21Rz","jetpack_featured_media_url":"https:\/\/deultimominuto.com\/en\/wp-content\/uploads\/sites\/2\/2025\/09\/WhatsApp-Image-2025-09-22-at-11.06.27-AM.jpeg","dum_api":{"author_name":"Elsa Cesilia Feliz","author_image":"https:\/\/deultimominuto.com\/wp-content\/uploads\/2024\/03\/cropped-elsa-cesilia-96x96.jpg","categories_name":["Dominican News"],"featured_media_url":"https:\/\/cdn.deultimominuto.com\/en\/wp-content\/uploads\/sites\/2\/2025\/09\/WhatsApp-Image-2025-09-22-at-11.06.27-AM.jpeg"},"_links":{"self":[{"href":"https:\/\/deultimominuto.com\/en\/wp-json\/wp\/v2\/posts\/483821","targetHints":{"allow":["GET"]}}],"collection":[{"href":"https:\/\/deultimominuto.com\/en\/wp-json\/wp\/v2\/posts"}],"about":[{"href":"https:\/\/deultimominuto.com\/en\/wp-json\/wp\/v2\/types\/post"}],"author":[{"embeddable":true,"href":"https:\/\/deultimominuto.com\/en\/wp-json\/wp\/v2\/users\/78"}],"replies":[{"embeddable":true,"href":"https:\/\/deultimominuto.com\/en\/wp-json\/wp\/v2\/comments?post=483821"}],"version-history":[{"count":0,"href":"https:\/\/deultimominuto.com\/en\/wp-json\/wp\/v2\/posts\/483821\/revisions"}],"wp:featuredmedia":[{"embeddable":true,"href":"https:\/\/deultimominuto.com\/en\/wp-json\/wp\/v2\/media\/483822"}],"wp:attachment":[{"href":"https:\/\/deultimominuto.com\/en\/wp-json\/wp\/v2\/media?parent=483821"}],"wp:term":[{"taxonomy":"category","embeddable":true,"href":"https:\/\/deultimominuto.com\/en\/wp-json\/wp\/v2\/categories?post=483821"},{"taxonomy":"post_tag","embeddable":true,"href":"https:\/\/deultimominuto.com\/en\/wp-json\/wp\/v2\/tags?post=483821"}],"curies":[{"name":"wp","href":"https:\/\/api.w.org\/{rel}","templated":true}]}}