{"id":483999,"date":"2025-09-23T09:19:09","date_gmt":"2025-09-23T13:19:09","guid":{"rendered":"https:\/\/deultimominuto.net\/en\/uncategorized\/charlie-villanueva-will-be-inducted-into-the-dominican-republic-sports-hall-of-fame\/"},"modified":"2025-09-23T09:19:09","modified_gmt":"2025-09-23T13:19:09","slug":"charlie-villanueva-will-be-inducted-into-the-dominican-republic-sports-hall-of-fame","status":"publish","type":"post","link":"https:\/\/deultimominuto.com\/en\/sports\/basketball\/charlie-villanueva-will-be-inducted-into-the-dominican-republic-sports-hall-of-fame\/","title":{"rendered":"Charlie Villanueva will be inducted into the Dominican Republic Sports Hall of Fame"},"content":{"rendered":"\n<p class=\"wp-block-paragraph\"><\/p>\n\n\n<strong>SANTO DOMINGO.<\/strong> \u2013 The name of Dominican-American <strong>Charlie Villanueva<\/strong> will be inscribed in the history of national sports after being announced as a new inductee into the <strong>Dominican Sports Hall of Fame<\/strong>.\n\n\n<p class=\"wp-block-paragraph\"><strong>You may be interested in:<\/strong><a href=\"https:\/\/ab.deultimominuto.net\/deportes\/joan-guzman-sera-exaltado-al-pabellon-de-la-fama-del-deporte-dominicano\/\" target=\"_blank\" rel=\"noopener\">Joan Guzm\u00e1n will be inducted into the Dominican Sports Hall of Fame<\/a><\/p>\n\n\nVillanueva, born on August 24, 1984 in Queens, New York, to Dominican parents, will be inducted next <strong>Sunday, November 16<\/strong>, during the <strong>59th Induction Ceremony<\/strong>, to be held in the auditorium of the Hall of Fame of the Juan Pablo Duarte Olympic Center.\n\nThe selection was announced by Dr. <strong>Dionisio Guzm\u00e1n<\/strong>, president of the Permanent Committee, who highlighted that it is the eighth selection of the Class of 2025, the result of the votes cast by the Veterans Committee and national sports reporters through an electronic system.\n\nThe former NBA player, who played for more than a decade in the best league in the world, was also a <strong>pillar of the national basketball team<\/strong>, being part of one of its most brilliant eras and contributing to the conquest of two international medals: a <strong>silver<\/strong> and a <strong>bronze<\/strong> with the senior team.\n\n\n<p class=\"wp-block-paragraph\">Villanueva joins a distinguished generation of inductees that includes former major leaguers <strong>Jos\u00e9 Reyes, Edwin Encarnaci\u00f3n, and Jos\u00e9 Offerman<\/strong>; the promoters <strong>Beato Miguel Cruz<\/strong> (volleyball) and <strong>Gonzalo Mej\u00eda<\/strong> (tennis); as well as athletes <strong>Juan Carlos Jacinto<\/strong> (judo) and <strong>Joan Guzm\u00e1n<\/strong> (boxing).<\/p>\n\n\nDr. Guzm\u00e1n pointed out that all those chosen will be immortalized &#8220;for their sporting achievements and for their exemplary citizen trajectories.&#8221; The ceremony will be headed by Guzm\u00e1n, along with the <strong>Honorary President<\/strong>, businessman <strong>Manuel Estrella<\/strong>, and the secretary of the Hall, <strong>Rafael Damir\u00f3n<\/strong>.\n\n\n<p class=\"wp-block-paragraph\"><\/p>\n\n\n\n<p class=\"wp-block-paragraph\"><\/p>\n","protected":false},"excerpt":{"rendered":"<p>SANTO DOMINGO. \u2013 The name of Dominican-American Charlie Villanueva will be inscribed in the history of national sports after being announced as a new inductee into the Dominican Sports Hall of Fame. You may be interested in:Joan Guzm\u00e1n will be inducted into the Dominican Sports Hall of Fame Villanueva, born on August 24, 1984 in [&hellip;]<\/p>\n","protected":false},"author":972,"featured_media":484000,"comment_status":"open","ping_status":"open","sticky":false,"template":"","format":"standard","meta":{"_acf_changed":false,"_jetpack_newsletter_access":"","_jetpack_dont_email_post_to_subs":false,"_jetpack_newsletter_tier_id":0,"_jetpack_memberships_contains_paywalled_content":false,"_jetpack_memberships_contains_paid_content":false,"footnotes":"","_members_access_role":[],"_members_access_error":""},"categories":[35743],"tags":[611,40231,41535,40853],"class_list":["post-483999","post","type-post","status-publish","format-standard","has-post-thumbnail","category-basketball","tag-deultimominuto","tag-dominican-republic","tag-hall-of-fame","tag-thetruthnewspaper"],"acf":[],"jetpack_sharing_enabled":true,"jetpack_shortlink":"https:\/\/wp.me\/phj1q1-21Ur","jetpack_featured_media_url":"https:\/\/deultimominuto.com\/en\/wp-content\/uploads\/sites\/2\/2025\/09\/images-3-1.jpeg","dum_api":{"author_name":"Yamell Rossi","author_image":"https:\/\/deultimominuto.com\/wp-content\/uploads\/2025\/10\/cropped-7a176880-76f8-4b0c-9527-4e34feef45e4-96x96.jpg","categories_name":["Basketball"],"featured_media_url":"https:\/\/cdn.deultimominuto.com\/en\/wp-content\/uploads\/sites\/2\/2025\/09\/images-3-1.jpeg"},"_links":{"self":[{"href":"https:\/\/deultimominuto.com\/en\/wp-json\/wp\/v2\/posts\/483999","targetHints":{"allow":["GET"]}}],"collection":[{"href":"https:\/\/deultimominuto.com\/en\/wp-json\/wp\/v2\/posts"}],"about":[{"href":"https:\/\/deultimominuto.com\/en\/wp-json\/wp\/v2\/types\/post"}],"author":[{"embeddable":true,"href":"https:\/\/deultimominuto.com\/en\/wp-json\/wp\/v2\/users\/972"}],"replies":[{"embeddable":true,"href":"https:\/\/deultimominuto.com\/en\/wp-json\/wp\/v2\/comments?post=483999"}],"version-history":[{"count":0,"href":"https:\/\/deultimominuto.com\/en\/wp-json\/wp\/v2\/posts\/483999\/revisions"}],"wp:featuredmedia":[{"embeddable":true,"href":"https:\/\/deultimominuto.com\/en\/wp-json\/wp\/v2\/media\/484000"}],"wp:attachment":[{"href":"https:\/\/deultimominuto.com\/en\/wp-json\/wp\/v2\/media?parent=483999"}],"wp:term":[{"taxonomy":"category","embeddable":true,"href":"https:\/\/deultimominuto.com\/en\/wp-json\/wp\/v2\/categories?post=483999"},{"taxonomy":"post_tag","embeddable":true,"href":"https:\/\/deultimominuto.com\/en\/wp-json\/wp\/v2\/tags?post=483999"}],"curies":[{"name":"wp","href":"https:\/\/api.w.org\/{rel}","templated":true}]}}