{"id":484223,"date":"2025-09-24T16:45:23","date_gmt":"2025-09-24T20:45:23","guid":{"rendered":"https:\/\/deultimominuto.net\/en\/uncategorized\/rafael-nadal-will-be-awarded-an-honorary-doctorate-by-the-polytechnic-university-of-madrid-in-march\/"},"modified":"2025-09-24T16:45:23","modified_gmt":"2025-09-24T20:45:23","slug":"rafael-nadal-will-be-awarded-an-honorary-doctorate-by-the-polytechnic-university-of-madrid-in-march","status":"publish","type":"post","link":"https:\/\/deultimominuto.com\/en\/sports\/tennis\/rafael-nadal-will-be-awarded-an-honorary-doctorate-by-the-polytechnic-university-of-madrid-in-march\/","title":{"rendered":"Rafael Nadal will be awarded an honorary doctorate by the Polytechnic University of Madrid in March"},"content":{"rendered":"\n<p class=\"wp-block-paragraph\"><\/p>\n\n\n\n<h3 class=\"wp-block-heading\"><\/h3>\n\n\n<strong>Madrid..<\/strong> \u2013 The Spanish former tennis player <strong>Rafael Nadal<\/strong> will receive the title of <strong>doctor honoris causa<\/strong> from the <strong>Universidad Polit\u00e9cnica de Madrid (UPM)<\/strong> next March, as announced this Wednesday by the rector <strong>\u00d3scar Garc\u00eda Su\u00e1rez<\/strong> during the official inauguration of the 2025-2026 academic year.\n\n<strong>You may be interested in<\/strong>:<a href=\"https:\/\/ab.deultimominuto.net\/deportes\/rafael-nadal-confiesa-que-no-extrana-el-tenis-tras-su-retiro\/\" target=\"_blank\" rel=\"noopener\">Rafael Nadal confesses that he does not miss tennis after his retirement<\/a>\n\nThe recognition of Nadal comes at the proposal of the <strong>Faculty of Physical Activity and Sport of the UPM<\/strong>, which approved his investiture in March 2022. However, the tennis player himself requested to postpone the act until the conclusion of his sporting career.\n\nWith this appointment, the UPM seeks to pay tribute to Nadal&#8217;s career and values, considered one of the most influential and admired athletes in the history of tennis, as well as a benchmark in effort, discipline and self-improvement.\n\nThe inauguration ceremony will be held in March 2026 and is expected to bring together prominent figures from the academic, sports, and institutional fields.","protected":false},"excerpt":{"rendered":"<p>Madrid.. \u2013 The Spanish former tennis player Rafael Nadal will receive the title of doctor honoris causa from the Universidad Polit\u00e9cnica de Madrid (UPM) next March, as announced this Wednesday by the rector \u00d3scar Garc\u00eda Su\u00e1rez during the official inauguration of the 2025-2026 academic year. You may be interested in:Rafael Nadal confesses that he does [&hellip;]<\/p>\n","protected":false},"author":3,"featured_media":484224,"comment_status":"open","ping_status":"open","sticky":false,"template":"","format":"standard","meta":{"_acf_changed":false,"_jetpack_newsletter_access":"","_jetpack_dont_email_post_to_subs":false,"_jetpack_newsletter_tier_id":0,"_jetpack_memberships_contains_paywalled_content":false,"_jetpack_memberships_contains_paid_content":false,"footnotes":"","_members_access_role":[],"_members_access_error":""},"categories":[37570],"tags":[611,14400,41186],"class_list":["post-484223","post","type-post","status-publish","format-standard","has-post-thumbnail","category-tennis","tag-deultimominuto","tag-rafael-nadal","tag-theperiodicodelatruth"],"acf":[],"jetpack_sharing_enabled":true,"jetpack_shortlink":"https:\/\/wp.me\/phj1q1-21Y3","jetpack_featured_media_url":"https:\/\/deultimominuto.com\/en\/wp-content\/uploads\/sites\/2\/2025\/09\/rafa-nadal-doctor-honoris-causa-universidad-politecnica.jpeg","dum_api":{"author_name":"EFE","author_image":"https:\/\/deultimominuto.com\/wp-content\/uploads\/2021\/08\/1200px-EFE_logo.svg-96x96.png","categories_name":["Tennis"],"featured_media_url":"https:\/\/cdn.deultimominuto.com\/en\/wp-content\/uploads\/sites\/2\/2025\/09\/rafa-nadal-doctor-honoris-causa-universidad-politecnica.jpeg"},"_links":{"self":[{"href":"https:\/\/deultimominuto.com\/en\/wp-json\/wp\/v2\/posts\/484223","targetHints":{"allow":["GET"]}}],"collection":[{"href":"https:\/\/deultimominuto.com\/en\/wp-json\/wp\/v2\/posts"}],"about":[{"href":"https:\/\/deultimominuto.com\/en\/wp-json\/wp\/v2\/types\/post"}],"author":[{"embeddable":true,"href":"https:\/\/deultimominuto.com\/en\/wp-json\/wp\/v2\/users\/3"}],"replies":[{"embeddable":true,"href":"https:\/\/deultimominuto.com\/en\/wp-json\/wp\/v2\/comments?post=484223"}],"version-history":[{"count":0,"href":"https:\/\/deultimominuto.com\/en\/wp-json\/wp\/v2\/posts\/484223\/revisions"}],"wp:featuredmedia":[{"embeddable":true,"href":"https:\/\/deultimominuto.com\/en\/wp-json\/wp\/v2\/media\/484224"}],"wp:attachment":[{"href":"https:\/\/deultimominuto.com\/en\/wp-json\/wp\/v2\/media?parent=484223"}],"wp:term":[{"taxonomy":"category","embeddable":true,"href":"https:\/\/deultimominuto.com\/en\/wp-json\/wp\/v2\/categories?post=484223"},{"taxonomy":"post_tag","embeddable":true,"href":"https:\/\/deultimominuto.com\/en\/wp-json\/wp\/v2\/tags?post=484223"}],"curies":[{"name":"wp","href":"https:\/\/api.w.org\/{rel}","templated":true}]}}