{"id":484293,"date":"2025-09-25T07:43:14","date_gmt":"2025-09-25T11:43:14","guid":{"rendered":"https:\/\/deultimominuto.net\/en\/uncategorized\/opening-of-the-transition-to-adult-life-and-employment-classroom-in-samana-a-firm-step-towards-inclusion\/"},"modified":"2025-09-25T07:43:14","modified_gmt":"2025-09-25T11:43:14","slug":"opening-of-the-transition-to-adult-life-and-employment-classroom-in-samana-a-firm-step-towards-inclusion","status":"publish","type":"post","link":"https:\/\/deultimominuto.com\/en\/uncategorized\/opening-of-the-transition-to-adult-life-and-employment-classroom-in-samana-a-firm-step-towards-inclusion\/","title":{"rendered":"Opening of the Transition to Adult Life and Employment Classroom in Saman\u00e1: A firm step towards inclusion"},"content":{"rendered":"<strong>Santo Domingo.<\/strong> &#8211; With the firm commitment to move towards a more inclusive and functional education, the Transition to Adult and Labor Life Classroom was inaugurated at the Prof. Andrea de Pe\u00f1a Educational Center, belonging to the 14-04 Educational District, Saman\u00e1. This space is designed to strengthen the personal, social, and labor skills of students with disabilities, preparing them for an autonomous, active, and dignified life within their community.\n\nThe inaugural event was led by the director of Education Regional 14, Mar\u00eda Luisa de la Cruz, along with the district director Licda. Adalberta Luc\u00eda Calca\u00f1o Maldonado, who has been a key player in the management, planning, and realization of this important achievement. Her tireless dedication and transformative vision have allowed this project to materialize as a direct response to the inclusion policies of the Ministry of Education, through the Special Education Department.\n\nThe ceremony was attended by national, regional, and district technicians, teachers, students, families, and community leaders, who celebrated this progress as a symbol of equity and institutional commitment.\n\nThe classroom is equipped with adapted resources and differentiated pedagogical strategies, aimed at young people from the age of 12. Its implementation responds to the full inclusion approach, where each student receives personalized support to develop skills that promote their independence, employability, and active participation in society.\n\nRegional 14 and the technical team of District 14-04 reiterated their commitment to pedagogical follow-up and continuous training that guarantee the sustainability of the program.\n\nYou might be interested in:\n\nWith this opening, the education system takes a firm step towards equity, recognizing the right of all students to receive an education that prepares them for life with purpose, dignity, and autonomy.\n\n\n<p class=\"wp-block-paragraph\"><\/p>\n","protected":false},"excerpt":{"rendered":"<p>Santo Domingo. &#8211; With the firm commitment to move towards a more inclusive and functional education, the Transition to Adult and Labor Life Classroom was inaugurated at the Prof. Andrea de Pe\u00f1a Educational Center, belonging to the 14-04 Educational District, Saman\u00e1. This space is designed to strengthen the personal, social, and labor skills of students [&hellip;]<\/p>\n","protected":false},"author":133537,"featured_media":0,"comment_status":"open","ping_status":"open","sticky":false,"template":"","format":"standard","meta":{"_acf_changed":false,"_jetpack_newsletter_access":"","_jetpack_dont_email_post_to_subs":false,"_jetpack_newsletter_tier_id":0,"_jetpack_memberships_contains_paywalled_content":false,"_jetpack_memberships_contains_paid_content":false,"footnotes":"","_members_access_role":[],"_members_access_error":""},"categories":[1],"tags":[],"class_list":["post-484293","post","type-post","status-publish","format-standard","category-uncategorized"],"acf":[],"jetpack_sharing_enabled":true,"jetpack_shortlink":"https:\/\/wp.me\/phj1q1-21Zb","jetpack_featured_media_url":"","dum_api":{"author_name":"Paola Castillo","author_image":"https:\/\/deultimominuto.com\/wp-content\/uploads\/2025\/10\/cropped-paola-castillo-f-96x96.jpg","categories_name":["Uncategorized"],"featured_media_url":null},"_links":{"self":[{"href":"https:\/\/deultimominuto.com\/en\/wp-json\/wp\/v2\/posts\/484293","targetHints":{"allow":["GET"]}}],"collection":[{"href":"https:\/\/deultimominuto.com\/en\/wp-json\/wp\/v2\/posts"}],"about":[{"href":"https:\/\/deultimominuto.com\/en\/wp-json\/wp\/v2\/types\/post"}],"author":[{"embeddable":true,"href":"https:\/\/deultimominuto.com\/en\/wp-json\/wp\/v2\/users\/133537"}],"replies":[{"embeddable":true,"href":"https:\/\/deultimominuto.com\/en\/wp-json\/wp\/v2\/comments?post=484293"}],"version-history":[{"count":0,"href":"https:\/\/deultimominuto.com\/en\/wp-json\/wp\/v2\/posts\/484293\/revisions"}],"wp:attachment":[{"href":"https:\/\/deultimominuto.com\/en\/wp-json\/wp\/v2\/media?parent=484293"}],"wp:term":[{"taxonomy":"category","embeddable":true,"href":"https:\/\/deultimominuto.com\/en\/wp-json\/wp\/v2\/categories?post=484293"},{"taxonomy":"post_tag","embeddable":true,"href":"https:\/\/deultimominuto.com\/en\/wp-json\/wp\/v2\/tags?post=484293"}],"curies":[{"name":"wp","href":"https:\/\/api.w.org\/{rel}","templated":true}]}}