{"id":484307,"date":"2025-09-25T09:34:19","date_gmt":"2025-09-25T13:34:19","guid":{"rendered":"https:\/\/deultimominuto.net\/en\/uncategorized\/edesur-announces-temporary-suspension-of-electrical-service-for-maintenance-in-herrera-and-bajos-de-haina\/"},"modified":"2025-09-25T09:34:19","modified_gmt":"2025-09-25T13:34:19","slug":"edesur-announces-temporary-suspension-of-electrical-service-for-maintenance-in-herrera-and-bajos-de-haina","status":"publish","type":"post","link":"https:\/\/deultimominuto.com\/en\/dominican-news\/edesur-announces-temporary-suspension-of-electrical-service-for-maintenance-in-herrera-and-bajos-de-haina\/","title":{"rendered":"Edesur announces temporary suspension of electrical service for maintenance in Herrera and Bajos de Haina"},"content":{"rendered":"<strong>Santo Domingo, R.D.<\/strong> \u2013 The <strong>Empresa Distribuidora de Electricidad del Sur (Edesur)<\/strong> reported that this Thursday a scheduled interruption of the electrical service will be carried out in various sectors of Greater Santo Domingo and the municipality of Bajos de Haina, due to preventive maintenance work at the Herrera Operations Center substation.\n\nThe power outage will take place from <strong>9:00 in the morning to 1:00 in the afternoon<\/strong>, affecting communities such as Barrio Presidente Antonio Guzm\u00e1n, Barrio San Mart\u00edn, Los Qu\u00edmicos, El Caf\u00e9 de Herrera, Loma del Chivo, Barrio Para\u00edso, Residencial Jos\u00e9 Contreras, Honduras del Norte, El Pedregal, Residencial Don Oscar, Costa Criolla, Residencial Santo Domingo, El Abanico de Herrera, Ensanche Altagracia, Emgobe, El Palmar, Residencial Casas Reales, Residencial Sandra, Mar Caribe, Costa Verde, Costa Azul, Mirador del Oeste, Barrio Nuevo in Haina Oriental, Manresa, Barrio El Castillo, Quita Sue\u00f1o, among others.\n\n\n<p class=\"wp-block-paragraph\"><strong>You may be interested in:<\/strong><a href=\"https:\/\/ab.deultimominuto.net\/nacionales\/alcaldia-y-edesur-instalan-luminarias-en-sabana-yegua\/\" data-type=\"post\" data-id=\"523487\" target=\"_blank\" rel=\"noopener\">City Hall and Edesur install streetlights in Sabana Yegua<\/a><\/p>\n\n\nEdesur highlighted that these tasks are part of the preventive maintenance plan that seeks to strengthen the quality and stability of the electrical service, with the purpose of guaranteeing a safer and more reliable supply for its customers.\n\nThe company apologized for the inconvenience that this suspension may cause and urged users to take the necessary measures while the technical work is carried out.","protected":false},"excerpt":{"rendered":"<p>Santo Domingo, R.D. \u2013 The Empresa Distribuidora de Electricidad del Sur (Edesur) reported that this Thursday a scheduled interruption of the electrical service will be carried out in various sectors of Greater Santo Domingo and the municipality of Bajos de Haina, due to preventive maintenance work at the Herrera Operations Center substation. The power outage [&hellip;]<\/p>\n","protected":false},"author":4,"featured_media":484308,"comment_status":"open","ping_status":"open","sticky":false,"template":"","format":"standard","meta":{"_acf_changed":false,"_jetpack_newsletter_access":"","_jetpack_dont_email_post_to_subs":false,"_jetpack_newsletter_tier_id":0,"_jetpack_memberships_contains_paywalled_content":false,"_jetpack_memberships_contains_paid_content":false,"footnotes":"","_members_access_role":[],"_members_access_error":""},"categories":[40216],"tags":[14992],"class_list":["post-484307","post","type-post","status-publish","format-standard","has-post-thumbnail","category-dominican-news","tag-edesur"],"acf":[],"jetpack_sharing_enabled":true,"jetpack_shortlink":"https:\/\/wp.me\/phj1q1-21Zp","jetpack_featured_media_url":"https:\/\/deultimominuto.com\/en\/wp-content\/uploads\/sites\/2\/2025\/09\/edesur-suspende.jpg","dum_api":{"author_name":"Redacci\u00f3n De \u00daltimo Minuto","author_image":"https:\/\/deultimominuto.com\/wp-content\/uploads\/2025\/02\/cropped-logo-de-ultimo-minuto-96x96.png","categories_name":["Dominican News"],"featured_media_url":"https:\/\/cdn.deultimominuto.com\/en\/wp-content\/uploads\/sites\/2\/2025\/09\/edesur-suspende.jpg"},"_links":{"self":[{"href":"https:\/\/deultimominuto.com\/en\/wp-json\/wp\/v2\/posts\/484307","targetHints":{"allow":["GET"]}}],"collection":[{"href":"https:\/\/deultimominuto.com\/en\/wp-json\/wp\/v2\/posts"}],"about":[{"href":"https:\/\/deultimominuto.com\/en\/wp-json\/wp\/v2\/types\/post"}],"author":[{"embeddable":true,"href":"https:\/\/deultimominuto.com\/en\/wp-json\/wp\/v2\/users\/4"}],"replies":[{"embeddable":true,"href":"https:\/\/deultimominuto.com\/en\/wp-json\/wp\/v2\/comments?post=484307"}],"version-history":[{"count":0,"href":"https:\/\/deultimominuto.com\/en\/wp-json\/wp\/v2\/posts\/484307\/revisions"}],"wp:featuredmedia":[{"embeddable":true,"href":"https:\/\/deultimominuto.com\/en\/wp-json\/wp\/v2\/media\/484308"}],"wp:attachment":[{"href":"https:\/\/deultimominuto.com\/en\/wp-json\/wp\/v2\/media?parent=484307"}],"wp:term":[{"taxonomy":"category","embeddable":true,"href":"https:\/\/deultimominuto.com\/en\/wp-json\/wp\/v2\/categories?post=484307"},{"taxonomy":"post_tag","embeddable":true,"href":"https:\/\/deultimominuto.com\/en\/wp-json\/wp\/v2\/tags?post=484307"}],"curies":[{"name":"wp","href":"https:\/\/api.w.org\/{rel}","templated":true}]}}