{"id":484591,"date":"2025-09-26T22:03:47","date_gmt":"2025-09-27T02:03:47","guid":{"rendered":"https:\/\/deultimominuto.net\/en\/uncategorized\/a-female-metro-sd-employee-was-injured-after-a-bus-crash-at-a-station\/"},"modified":"2025-09-26T22:03:47","modified_gmt":"2025-09-27T02:03:47","slug":"a-female-metro-sd-employee-was-injured-after-a-bus-crash-at-a-station","status":"publish","type":"post","link":"https:\/\/deultimominuto.com\/en\/dominican-news\/a-female-metro-sd-employee-was-injured-after-a-bus-crash-at-a-station\/","title":{"rendered":"A female Metro SD employee was injured after a bus crash at a station"},"content":{"rendered":"\n<p class=\"wp-block-paragraph\"><strong>Santo Domingo.\u2013<\/strong> A unit of the <strong>National Emergency and Security Attention System 9-1-1<\/strong> transferred <strong>Marleny Fr\u00edas Almonte<\/strong>, an employee of the Santo Domingo Metro, to a health center, who was injured after a bus hit the station located at the intersection of N\u00fa\u00f1ez de C\u00e1ceres Avenue with John F. Kennedy.<\/p>\n\n\nThe accident left the front of the bus completely destroyed, as well as visible damage to the structure of the bus stop.\n\nRescue units, police officers, and dozens of onlookers who observed the event remain at the scene. So far, the authorities have not offered details about the cause of the accident or the health condition of the affected employee.\n\n\n<p class=\"wp-block-paragraph\"><strong>You may be interested in:<\/strong> <a href=\"http:\/\/Un autob\u00fas choca contra estaci\u00f3n del Metro Pedro Francisco Bon\u00f3; una mujer resulta herida\">http:\/\/Un autob\u00fas choca contra estaci\u00f3n del Metro Pedro Francisco Bon\u00f3; una mujer resulta herida<\/a><\/p>\n","protected":false},"excerpt":{"rendered":"<p>Santo Domingo.\u2013 A unit of the National Emergency and Security Attention System 9-1-1 transferred Marleny Fr\u00edas Almonte, an employee of the Santo Domingo Metro, to a health center, who was injured after a bus hit the station located at the intersection of N\u00fa\u00f1ez de C\u00e1ceres Avenue with John F. Kennedy. The accident left the front [&hellip;]<\/p>\n","protected":false},"author":4,"featured_media":484592,"comment_status":"open","ping_status":"open","sticky":false,"template":"","format":"standard","meta":{"_acf_changed":false,"_jetpack_newsletter_access":"","_jetpack_dont_email_post_to_subs":false,"_jetpack_newsletter_tier_id":0,"_jetpack_memberships_contains_paywalled_content":false,"_jetpack_memberships_contains_paid_content":false,"footnotes":"","_members_access_role":[],"_members_access_error":""},"categories":[40216],"tags":[42433],"class_list":["post-484591","post","type-post","status-publish","format-standard","has-post-thumbnail","category-dominican-news","tag-sd-metro"],"acf":[],"jetpack_sharing_enabled":true,"jetpack_shortlink":"https:\/\/wp.me\/phj1q1-223Z","jetpack_featured_media_url":"https:\/\/deultimominuto.com\/en\/wp-content\/uploads\/sites\/2\/2025\/09\/Captura-de-pantalla-2025-09-26-220215.jpg","dum_api":{"author_name":"Redacci\u00f3n De \u00daltimo Minuto","author_image":"https:\/\/deultimominuto.com\/wp-content\/uploads\/2025\/02\/cropped-logo-de-ultimo-minuto-96x96.png","categories_name":["Dominican News"],"featured_media_url":"https:\/\/cdn.deultimominuto.com\/en\/wp-content\/uploads\/sites\/2\/2025\/09\/Captura-de-pantalla-2025-09-26-220215.jpg"},"_links":{"self":[{"href":"https:\/\/deultimominuto.com\/en\/wp-json\/wp\/v2\/posts\/484591","targetHints":{"allow":["GET"]}}],"collection":[{"href":"https:\/\/deultimominuto.com\/en\/wp-json\/wp\/v2\/posts"}],"about":[{"href":"https:\/\/deultimominuto.com\/en\/wp-json\/wp\/v2\/types\/post"}],"author":[{"embeddable":true,"href":"https:\/\/deultimominuto.com\/en\/wp-json\/wp\/v2\/users\/4"}],"replies":[{"embeddable":true,"href":"https:\/\/deultimominuto.com\/en\/wp-json\/wp\/v2\/comments?post=484591"}],"version-history":[{"count":0,"href":"https:\/\/deultimominuto.com\/en\/wp-json\/wp\/v2\/posts\/484591\/revisions"}],"wp:featuredmedia":[{"embeddable":true,"href":"https:\/\/deultimominuto.com\/en\/wp-json\/wp\/v2\/media\/484592"}],"wp:attachment":[{"href":"https:\/\/deultimominuto.com\/en\/wp-json\/wp\/v2\/media?parent=484591"}],"wp:term":[{"taxonomy":"category","embeddable":true,"href":"https:\/\/deultimominuto.com\/en\/wp-json\/wp\/v2\/categories?post=484591"},{"taxonomy":"post_tag","embeddable":true,"href":"https:\/\/deultimominuto.com\/en\/wp-json\/wp\/v2\/tags?post=484591"}],"curies":[{"name":"wp","href":"https:\/\/api.w.org\/{rel}","templated":true}]}}