{"id":485201,"date":"2025-10-01T19:12:40","date_gmt":"2025-10-01T23:12:40","guid":{"rendered":"https:\/\/deultimominuto.net\/en\/uncategorized\/tobias-crespo-will-submit-a-project-to-unify-motoconcho-unions-and-improve-their-living-conditions\/"},"modified":"2025-10-01T19:15:34","modified_gmt":"2025-10-01T23:15:34","slug":"tobias-crespo-will-submit-a-project-to-unify-motoconcho-unions-and-improve-their-living-conditions","status":"publish","type":"post","link":"https:\/\/deultimominuto.com\/en\/dominican-news\/tobias-crespo-will-submit-a-project-to-unify-motoconcho-unions-and-improve-their-living-conditions\/","title":{"rendered":"Tob\u00edas Crespo will submit a project to unify motoconcho unions and improve their living conditions"},"content":{"rendered":"<strong>Santo Domingo<\/strong>.\u2013 The deputy of the Fuerza del Pueblo (<a href=\"https:\/\/www.lafuerzadelpueblo.org\/\" data-type=\"link\" data-id=\"https:\/\/www.lafuerzadelpueblo.org\/\" target=\"_blank\" rel=\"noopener\">FP<\/a>) for the National District, Tob\u00edas Crespo, announced that in the coming days he will present a bill to the Chamber of Deputies that seeks to transform the reality of thousands of informal transport workers on motorcycles. The initiative proposes the creation of the National Guild of Motoconchistas (GRENAMO), with the aim of unifying this important sector, including it in official public policies and guaranteeing them better working and social conditions.\n\n\n<blockquote class=\"wp-block-quote is-layout-flow wp-block-quote-is-layout-flow\">\n<p class=\"wp-block-paragraph\">\u201cThis sector has been growing for decades, but in a disorganized, informal, and unregulated manner. They do not belong to the social security system. With this proposal, we want those working men to organize themselves, to be educated in matters of citizen security, road safety, and technical-professional training. With the support of INFOTEP, technical schools, and other institutions, it will be easier to achieve this if they are well-structured,\u201d explained Crespo, upon receiving the original proposal of the bill from its author, Ram\u00f3n Heredia Ram\u00edrez, who represented the motoconcho sector.<\/p>\n<\/blockquote>\n\n\nThe announcement was supported by various representatives of the sector, including Jos\u00e9 Ure\u00f1a, president of Coordinamoto; Albert Gons, president of the Motoconchistas Cooperative; Enger Nolasco, representative of digital transport platforms; Cristi\u00e1n Dilon\u00e9, president of the Motoconcho Federation of Los R\u00edos; George Sosa, from Santo Domingo Oeste; and Jefry Jim\u00e9nez, community liaison for the motoconchistas.\n\n\n<h6 class=\"wp-block-heading\"><strong>You can also read: <a href=\"https:\/\/ab.deultimominuto.net\/nacionales\/tobias-destaca-motoconchistas\/\" target=\"_blank\" rel=\"noopener\">Tobias Crespo highlights the importance of motoconcho drivers<\/a><\/strong><\/h6>\n\n\nDuring the presentation, Crespo warned that the lack of regulation and education in the sector has contributed to the high number of traffic accidents in the country.\n\n\n<blockquote class=\"wp-block-quote is-layout-flow wp-block-quote-is-layout-flow\">\n<p class=\"wp-block-paragraph\"><br>\u201cWe are facing a true pandemic of accidents, where, according to statistics, motorcycles are the main ones involved. A solution must be found for this problem. This sector mobilizes millions of Dominicans every day and generates millions of pesos in direct and indirect taxes, therefore, it cannot be ignored any longer. It is time to organize it, because they are a reality\u201d, the legislator pointed out.<\/p>\n<\/blockquote>\n\n\nFor his part, Heredia Ram\u00edrez highlighted that the creation of GRENAMO will mark a before and after in the history of Dominican transportation.\n\n\n<blockquote class=\"wp-block-quote is-layout-flow wp-block-quote-is-layout-flow\">\n<p class=\"wp-block-paragraph\">&#8220;When this law is approved, motoconcho drivers will no longer be seen as a problem and will be recognized as part of the solution,&#8221; he assured.<\/p>\n<\/blockquote>\n\n\nCrespo, who is part of the Permanent Commission on Mobility and Land Transportation of the Chamber of Deputies, underscored the economic and social relevance of the motoconcho sector for the country.\n\n\n<blockquote class=\"wp-block-quote is-layout-flow wp-block-quote-is-layout-flow\">\n<p class=\"wp-block-paragraph\"><br>&#8220;You are not only seeking to improve your living conditions, but also to contribute to national development, thanks to the significant number of jobs you generate and the economic impact you have, both in the payment of taxes and in the dynamism of urban and community transport,&#8221; he added.<\/p>\n<\/blockquote>\n\n\nThe initiative is backed by union leaders and is projected as a proposal with great social, economic, and community impact. If approved, it would represent a significant step towards the formalization of the sector, the improvement of road safety, and the inclusion of thousands of workers in the country&#8217;s social protection system.\n\nWith the creation of GRENAMO, the National Congress could respond to a historic demand of motoconcho drivers, turning them into strategic allies of development, urban mobility, and social peace in the Dominican Republic.","protected":false},"excerpt":{"rendered":"<p>Santo Domingo.\u2013 The deputy of the Fuerza del Pueblo (FP) for the National District, Tob\u00edas Crespo, announced that in the coming days he will present a bill to the Chamber of Deputies that seeks to transform the reality of thousands of informal transport workers on motorcycles. The initiative proposes the creation of the National Guild [&hellip;]<\/p>\n","protected":false},"author":133543,"featured_media":485204,"comment_status":"open","ping_status":"open","sticky":false,"template":"","format":"standard","meta":{"_acf_changed":false,"_jetpack_newsletter_access":"","_jetpack_dont_email_post_to_subs":false,"_jetpack_newsletter_tier_id":0,"_jetpack_memberships_contains_paywalled_content":false,"_jetpack_memberships_contains_paid_content":false,"footnotes":"","_members_access_role":[],"_members_access_error":""},"categories":[40216],"tags":[42485,23523],"class_list":["post-485201","post","type-post","status-publish","format-standard","has-post-thumbnail","category-dominican-news","tag-motorcycle-taxis","tag-tobias-crespo"],"acf":[],"jetpack_sharing_enabled":true,"jetpack_shortlink":"https:\/\/wp.me\/phj1q1-22dP","jetpack_featured_media_url":"https:\/\/deultimominuto.com\/en\/wp-content\/uploads\/sites\/2\/2025\/10\/WhatsApp-Image-2025-10-01-at-6.35.13-PM.jpeg","dum_api":{"author_name":"Carolina \u00c1lvarez","author_image":"https:\/\/deultimominuto.com\/wp-content\/uploads\/2026\/05\/cropped-WhatsApp-Image-2026-05-26-at-5.31.57-PM-96x96.jpeg","categories_name":["Dominican News"],"featured_media_url":"https:\/\/cdn.deultimominuto.com\/en\/wp-content\/uploads\/sites\/2\/2025\/10\/WhatsApp-Image-2025-10-01-at-6.35.13-PM.jpeg"},"_links":{"self":[{"href":"https:\/\/deultimominuto.com\/en\/wp-json\/wp\/v2\/posts\/485201","targetHints":{"allow":["GET"]}}],"collection":[{"href":"https:\/\/deultimominuto.com\/en\/wp-json\/wp\/v2\/posts"}],"about":[{"href":"https:\/\/deultimominuto.com\/en\/wp-json\/wp\/v2\/types\/post"}],"author":[{"embeddable":true,"href":"https:\/\/deultimominuto.com\/en\/wp-json\/wp\/v2\/users\/133543"}],"replies":[{"embeddable":true,"href":"https:\/\/deultimominuto.com\/en\/wp-json\/wp\/v2\/comments?post=485201"}],"version-history":[{"count":0,"href":"https:\/\/deultimominuto.com\/en\/wp-json\/wp\/v2\/posts\/485201\/revisions"}],"wp:featuredmedia":[{"embeddable":true,"href":"https:\/\/deultimominuto.com\/en\/wp-json\/wp\/v2\/media\/485204"}],"wp:attachment":[{"href":"https:\/\/deultimominuto.com\/en\/wp-json\/wp\/v2\/media?parent=485201"}],"wp:term":[{"taxonomy":"category","embeddable":true,"href":"https:\/\/deultimominuto.com\/en\/wp-json\/wp\/v2\/categories?post=485201"},{"taxonomy":"post_tag","embeddable":true,"href":"https:\/\/deultimominuto.com\/en\/wp-json\/wp\/v2\/tags?post=485201"}],"curies":[{"name":"wp","href":"https:\/\/api.w.org\/{rel}","templated":true}]}}