{"id":485222,"date":"2025-10-01T21:04:12","date_gmt":"2025-10-02T01:04:12","guid":{"rendered":"https:\/\/deultimominuto.net\/en\/uncategorized\/ancelotti-calls-up-vinicius-and-rodrygo-for-brazil-friendlies-with-japan-and-south-korea\/"},"modified":"2025-10-01T21:04:12","modified_gmt":"2025-10-02T01:04:12","slug":"ancelotti-calls-up-vinicius-and-rodrygo-for-brazil-friendlies-with-japan-and-south-korea","status":"publish","type":"post","link":"https:\/\/deultimominuto.com\/en\/sports\/football\/ancelotti-calls-up-vinicius-and-rodrygo-for-brazil-friendlies-with-japan-and-south-korea\/","title":{"rendered":"Ancelotti calls up Vin\u00edcius and Rodrygo for Brazil friendlies with Japan and South Korea"},"content":{"rendered":"Rio de Janeiro (EFE).- Brazilian coach Carlo Ancelotti called up forwards Vin\u00edcius Jr. and Rodrygo, his former players at Real Madrid, for this month&#8217;s friendly matches against Japan and South Korea, in preparation for the 2026 World Cup.\n\n\n<p class=\"wp-block-paragraph\"><strong>You may be interested in:<\/strong><a href=\"https:\/\/ab.deultimominuto.net\/deportes\/futbol\/cincuenta-deportistas-piden-a-la-uefa-la-suspension-de-israel\/\" target=\"_blank\" rel=\"noopener\">Fifty athletes ask UEFA to suspend Israel<\/a><\/p>\n\n\nVin\u00edcius was not called up for Brazil&#8217;s last two matches in the World Cup qualifiers, against Chile and Bolivia, because he had to serve a suspension, and Rodrygo had not been taken into account by Ancelotti until now due to his various physical problems.\n\n\n<p class=\"wp-block-paragraph\"><strong>Ancelotti prioritizes Europeans in squad list for friendlies<\/strong><\/p>\n\n\n<p><br>The Italian coach explained that his list of 26 players called up for the friendlies is not definitive because he had many limitations due to players who were injured.<\/p>\n\nHe also said that he gave priority to players who play for European clubs because they will have fewer travel difficulties and time differences to travel to Asia.\n\nFrom Brazilian clubs, he only called up goalkeeper Hugo Souza, from Corinthians, and defender Fabr\u00edcio Bruno, from Cruzeiro.\n\nHe clarified, however, that his intention is not to do tests in the friendlies because &#8220;there is nothing left to invent in football&#8221; and because he has to think about the team with which he will play the World Cup.\n\n\n<p class=\"wp-block-paragraph\"><strong>The excluded due to injuries stood out in the list of those called up.<\/strong><\/p>\n\n\n\n<p class=\"wp-block-paragraph\"><strong>Injuries hit the call-up: Alisson and Andrey Santos out<\/strong><\/p>\n\n\n\n<p class=\"wp-block-paragraph\"><br>In addition to Raphinha, Alexsandro Ribeiro and Marquinhos, whose clubs had already informed the Brazilian Football Confederation that their injuries would prevent them from being fit, this week Andrey Santos and goalkeeper Alisson were added to the list of absences, who went under the care of the doctors after this week&#8217;s matches of Chelsea and Liverpool.<\/p>\n\n\n\u00c9der Milit\u00e3o, who was substituted in the first half of the derby between Real Madrid and Atl\u00e9tico de Madrid, was also doubtful due to muscle problems, but Ancelotti said that, after having spoken with him on the phone, he believes that he is in condition.\n\nRegarding Rodrygo, he stated that, although he hasn&#8217;t had many opportunities in the recent Real Madrid matches, when he has played, he has done very well and has shown that he is in very good physical condition.\n\n&#8220;He is very motivated and is a very important player for the team because he has outstanding technical characteristics. He can play in all positions as a forward,&#8221; said the coach.\n\n\n<p class=\"wp-block-paragraph\"><strong>Ancelotti defines schedule: Korea and Japan, first rivals<\/strong><\/p>\n\n\n<p><br>In their first two preparatory matches for next year&#8217;s World Cup, Brazil will visit South Korea in Seoul on October 10th, and four days later they will face Japan in Tokyo.<\/p>\n\nThe Canarinha still has two other friendlies scheduled this year, in November, probably against African teams, which it will face in London and Paris.\n\nIn March 2026, on the next FIFA date, the intention is to face two elite European teams, according to the coach.\n\nThe match against Korea will be the fifth since Ancelotti took over as the Brazilian coach last May. In the previous four, all for the qualifiers, he achieved two victories, a draw, and a defeat, during the visit to Bolivia in El Alto.\n\nList of call-ups \u2014 Brazil\nOfficial call-up | Friendlies October-November\nCANARINHA\nGoalkeepers\nBentoAl-Nassr (SAU)\nEdersonFenerbah\u00e7e (TUR)\nHugo SouzaCorinthians (BRA)\nDefenders\nCaio HenriqueM\u00f3naco (FRA)\nCarlos AugustoInter (ITA)\nDouglas SantosZ\u00e9nit (RUS)\n\u00c9der Milit\u00e3oReal Madrid (ESP)\nFabricio BrunoCruzeiro (BRA)\nGabriel Magalh\u00e3esArsenal (ENG)\nLucas BeraldoPSG (FRA)\nVandersonM\u00f3naco (FRA)\nWesleyRoma (ITA)\nMidfielders\nAndr\u00e9Wolverhampton (ENG)\nBruno Guimar\u00e3esNewcastle (ENG)\nCasemiroManchester United (ENG)\nJo\u00e3o GomesWolverhampton (ENG)\nJoelintonNewcastle (ENG)\nLucas Paquet\u00e1West Ham (ENG)\nForwards\nEstev\u00e3oChelsea (ENG)\nGabriel MartinelliArsenal (ENG)\nIgor JesusNottingham Forest (ENG)\nLuiz HenriqueZ\u00e9nit (RUS)\nMatheus CunhaManchester United (ENG)\nRicharlisonTottenham (ENG)\nRodrygoReal Madrid (ESP)\nVin\u00edcius J\u00faniorReal Madrid (ESP)\n\n\n<p class=\"wp-block-paragraph\"><\/p>\n","protected":false},"excerpt":{"rendered":"<p>Rio de Janeiro (EFE).- Brazilian coach Carlo Ancelotti called up forwards Vin\u00edcius Jr. and Rodrygo, his former players at Real Madrid, for this month&#8217;s friendly matches against Japan and South Korea, in preparation for the 2026 World Cup. You may be interested in:Fifty athletes ask UEFA to suspend Israel Vin\u00edcius was not called up for [&hellip;]<\/p>\n","protected":false},"author":3,"featured_media":485223,"comment_status":"open","ping_status":"open","sticky":false,"template":"","format":"standard","meta":{"_acf_changed":false,"_jetpack_newsletter_access":"","_jetpack_dont_email_post_to_subs":false,"_jetpack_newsletter_tier_id":0,"_jetpack_memberships_contains_paywalled_content":false,"_jetpack_memberships_contains_paid_content":false,"footnotes":"","_members_access_role":[],"_members_access_error":""},"categories":[40943],"tags":[611,40231,41186],"class_list":["post-485222","post","type-post","status-publish","format-standard","has-post-thumbnail","category-football","tag-deultimominuto","tag-dominican-republic","tag-theperiodicodelatruth"],"acf":[],"jetpack_sharing_enabled":true,"jetpack_shortlink":"https:\/\/wp.me\/phj1q1-22ea","jetpack_featured_media_url":"https:\/\/deultimominuto.com\/en\/wp-content\/uploads\/sites\/2\/2025\/10\/Portada.jpeg","dum_api":{"author_name":"EFE","author_image":"https:\/\/deultimominuto.com\/wp-content\/uploads\/2021\/08\/1200px-EFE_logo.svg-96x96.png","categories_name":["Football"],"featured_media_url":"https:\/\/cdn.deultimominuto.com\/en\/wp-content\/uploads\/sites\/2\/2025\/10\/Portada.jpeg"},"_links":{"self":[{"href":"https:\/\/deultimominuto.com\/en\/wp-json\/wp\/v2\/posts\/485222","targetHints":{"allow":["GET"]}}],"collection":[{"href":"https:\/\/deultimominuto.com\/en\/wp-json\/wp\/v2\/posts"}],"about":[{"href":"https:\/\/deultimominuto.com\/en\/wp-json\/wp\/v2\/types\/post"}],"author":[{"embeddable":true,"href":"https:\/\/deultimominuto.com\/en\/wp-json\/wp\/v2\/users\/3"}],"replies":[{"embeddable":true,"href":"https:\/\/deultimominuto.com\/en\/wp-json\/wp\/v2\/comments?post=485222"}],"version-history":[{"count":0,"href":"https:\/\/deultimominuto.com\/en\/wp-json\/wp\/v2\/posts\/485222\/revisions"}],"wp:featuredmedia":[{"embeddable":true,"href":"https:\/\/deultimominuto.com\/en\/wp-json\/wp\/v2\/media\/485223"}],"wp:attachment":[{"href":"https:\/\/deultimominuto.com\/en\/wp-json\/wp\/v2\/media?parent=485222"}],"wp:term":[{"taxonomy":"category","embeddable":true,"href":"https:\/\/deultimominuto.com\/en\/wp-json\/wp\/v2\/categories?post=485222"},{"taxonomy":"post_tag","embeddable":true,"href":"https:\/\/deultimominuto.com\/en\/wp-json\/wp\/v2\/tags?post=485222"}],"curies":[{"name":"wp","href":"https:\/\/api.w.org\/{rel}","templated":true}]}}