{"id":485352,"date":"2025-10-02T20:07:06","date_gmt":"2025-10-03T00:07:06","guid":{"rendered":"https:\/\/deultimominuto.net\/en\/uncategorized\/defense-minister-visits-san-isidro-air-base-and-announces-renovation-works\/"},"modified":"2025-10-02T20:07:06","modified_gmt":"2025-10-03T00:07:06","slug":"defense-minister-visits-san-isidro-air-base-and-announces-renovation-works","status":"publish","type":"post","link":"https:\/\/deultimominuto.com\/en\/dominican-news\/defense-minister-visits-san-isidro-air-base-and-announces-renovation-works\/","title":{"rendered":"Defense Minister visits San Isidro Air Base and announces renovation works"},"content":{"rendered":"<strong>Santo Domingo<\/strong>.\u2013 The Minister of Defense, Lieutenant General Carlos Antonio Fern\u00e1ndez Onofre, ERD., led a work day this Thursday at the Dominican Republic Air Force (<a href=\"https:\/\/fard.mil.do\/\" data-type=\"link\" data-id=\"https:\/\/fard.mil.do\/\" target=\"_blank\" rel=\"noopener\">FARD<\/a>), with the aim of knowing firsthand the projects in execution, strengthening operational capabilities and following up on the modernization plans of this military institution.\n\nUpon his arrival at the San Isidro Air Base, he highlighted the dedication, discipline, and commitment of the men and women of the air, underscoring the significance of their work in the defense and security of the national airspace. In that same setting, he announced the start of renovation works aimed at improving the working conditions of the personnel serving at the air base.\n\nDuring the day, the General Staff of the Dominican Air Force (FARD) presented the minister with a detailed report on the strategic projects under development, the current state of the aircraft, and the initiatives aimed at strengthening the response capacity and technological modernization of this military branch.\n\nYou can also read:\n\nThe agenda also included a capabilities display, in which combat and rescue squadrons performed aerial maneuvers, demonstrating the high level of preparation, skill, and readiness of the specialized units of the Air Force.\n\nDuring the visit, the general commander of the Dominican Air Force (FARD), Major General Pilot Floreal Tarcicio Su\u00e1rez Mart\u00ednez, presented Minister Fern\u00e1ndez Onofre with a recognition on behalf of the entire institution, as a token of gratitude for the support provided to the development, strengthening, and modernization of the Dominican Republic Air Force.\n\n\n<figure class=\"wp-block-gallery has-nested-images columns-default is-cropped wp-block-gallery-1 is-layout-flex wp-block-gallery-is-layout-flex\">\n<figure class=\"wp-block-image size-large\"><img decoding=\"async\" data-id=\"544726\" src=\"https:\/\/ab.deultimominuto.net\/wp-content\/uploads\/2025\/10\/WhatsApp-Image-2025-10-02-at-7.14.33-PM-2-1024x683.jpeg\" alt=\"\" class=\"wp-image-544726\" title=\"\"><\/figure>\n\n\n\n<figure class=\"wp-block-image size-large\"><img decoding=\"async\" data-id=\"544725\" src=\"https:\/\/ab.deultimominuto.net\/wp-content\/uploads\/2025\/10\/WhatsApp-Image-2025-10-02-at-7.14.33-PM-1-1024x682.jpeg\" alt=\"\" class=\"wp-image-544725\" title=\"\"><\/figure>\n\n\n\n<figure class=\"wp-block-image size-large\"><img decoding=\"async\" data-id=\"544729\" src=\"https:\/\/ab.deultimominuto.net\/wp-content\/uploads\/2025\/10\/WhatsApp-Image-2025-10-02-at-7.14.33-PM-1024x683.jpeg\" alt=\"\" class=\"wp-image-544729\" title=\"\"><\/figure>\n\n\n\n<figure class=\"wp-block-image size-large\"><img decoding=\"async\" data-id=\"544727\" src=\"https:\/\/ab.deultimominuto.net\/wp-content\/uploads\/2025\/10\/WhatsApp-Image-2025-10-02-at-7.14.34-PM-2-1024x683.jpeg\" alt=\"\" class=\"wp-image-544727\" title=\"\"><\/figure>\n\n\n\n<figure class=\"wp-block-image size-large\"><img decoding=\"async\" data-id=\"544728\" src=\"https:\/\/ab.deultimominuto.net\/wp-content\/uploads\/2025\/10\/WhatsApp-Image-2025-10-02-at-7.14.34-PM-1-1024x683.jpeg\" alt=\"\" class=\"wp-image-544728\" title=\"\"><\/figure>\n\n\n\n<figure class=\"wp-block-image size-large\"><img decoding=\"async\" data-id=\"544731\" src=\"https:\/\/ab.deultimominuto.net\/wp-content\/uploads\/2025\/10\/WhatsApp-Image-2025-10-02-at-7.14.35-PM-2-1024x683.jpeg\" alt=\"\" class=\"wp-image-544731\" title=\"\"><\/figure>\n\n\n\n<figure class=\"wp-block-image size-large\"><img decoding=\"async\" data-id=\"544732\" src=\"https:\/\/ab.deultimominuto.net\/wp-content\/uploads\/2025\/10\/WhatsApp-Image-2025-10-02-at-7.14.35-PM-1-1024x683.jpeg\" alt=\"\" class=\"wp-image-544732\" title=\"\"><\/figure>\n<\/figure>\n","protected":false},"excerpt":{"rendered":"<p>Santo Domingo.\u2013 The Minister of Defense, Lieutenant General Carlos Antonio Fern\u00e1ndez Onofre, ERD., led a work day this Thursday at the Dominican Republic Air Force (FARD), with the aim of knowing firsthand the projects in execution, strengthening operational capabilities and following up on the modernization plans of this military institution. Upon his arrival at the [&hellip;]<\/p>\n","protected":false},"author":4,"featured_media":485353,"comment_status":"open","ping_status":"open","sticky":false,"template":"","format":"standard","meta":{"_acf_changed":false,"_jetpack_newsletter_access":"","_jetpack_dont_email_post_to_subs":false,"_jetpack_newsletter_tier_id":0,"_jetpack_memberships_contains_paywalled_content":false,"_jetpack_memberships_contains_paid_content":false,"footnotes":"","_members_access_role":[],"_members_access_error":""},"categories":[40216],"tags":[42496,41231],"class_list":["post-485352","post","type-post","status-publish","format-standard","has-post-thumbnail","category-dominican-news","tag-air-base","tag-minister-of-defense"],"acf":[],"jetpack_sharing_enabled":true,"jetpack_shortlink":"https:\/\/wp.me\/phj1q1-22gg","jetpack_featured_media_url":"https:\/\/deultimominuto.com\/en\/wp-content\/uploads\/sites\/2\/2025\/10\/WhatsApp-Image-2025-10-02-at-7.14.34-PM.jpeg","dum_api":{"author_name":"Redacci\u00f3n De \u00daltimo Minuto","author_image":"https:\/\/deultimominuto.com\/wp-content\/uploads\/2025\/02\/cropped-logo-de-ultimo-minuto-96x96.png","categories_name":["Dominican News"],"featured_media_url":"https:\/\/cdn.deultimominuto.com\/en\/wp-content\/uploads\/sites\/2\/2025\/10\/WhatsApp-Image-2025-10-02-at-7.14.34-PM.jpeg"},"_links":{"self":[{"href":"https:\/\/deultimominuto.com\/en\/wp-json\/wp\/v2\/posts\/485352","targetHints":{"allow":["GET"]}}],"collection":[{"href":"https:\/\/deultimominuto.com\/en\/wp-json\/wp\/v2\/posts"}],"about":[{"href":"https:\/\/deultimominuto.com\/en\/wp-json\/wp\/v2\/types\/post"}],"author":[{"embeddable":true,"href":"https:\/\/deultimominuto.com\/en\/wp-json\/wp\/v2\/users\/4"}],"replies":[{"embeddable":true,"href":"https:\/\/deultimominuto.com\/en\/wp-json\/wp\/v2\/comments?post=485352"}],"version-history":[{"count":0,"href":"https:\/\/deultimominuto.com\/en\/wp-json\/wp\/v2\/posts\/485352\/revisions"}],"wp:featuredmedia":[{"embeddable":true,"href":"https:\/\/deultimominuto.com\/en\/wp-json\/wp\/v2\/media\/485353"}],"wp:attachment":[{"href":"https:\/\/deultimominuto.com\/en\/wp-json\/wp\/v2\/media?parent=485352"}],"wp:term":[{"taxonomy":"category","embeddable":true,"href":"https:\/\/deultimominuto.com\/en\/wp-json\/wp\/v2\/categories?post=485352"},{"taxonomy":"post_tag","embeddable":true,"href":"https:\/\/deultimominuto.com\/en\/wp-json\/wp\/v2\/tags?post=485352"}],"curies":[{"name":"wp","href":"https:\/\/api.w.org\/{rel}","templated":true}]}}