{"id":485688,"date":"2025-10-06T10:19:05","date_gmt":"2025-10-06T14:19:05","guid":{"rendered":"https:\/\/deultimominuto.net\/en\/uncategorized\/lian-i-used-to-think-my-music-didnt-fit-in-today-we-are-filling-the-hard-rock-cafe\/"},"modified":"2025-10-06T10:19:05","modified_gmt":"2025-10-06T14:19:05","slug":"lian-i-used-to-think-my-music-didnt-fit-in-today-we-are-filling-the-hard-rock-cafe","status":"publish","type":"post","link":"https:\/\/deultimominuto.com\/en\/entertainment\/lian-i-used-to-think-my-music-didnt-fit-in-today-we-are-filling-the-hard-rock-cafe\/","title":{"rendered":"LIAN!: \u201cI used to think my music didn&#8217;t fit in, today we are filling the Hard Rock Caf\u00e9\u201d"},"content":{"rendered":"LIAN! fills the Hard Rock Caf\u00e9 SD with an electrifying show, special guests and an audience that embraced their music like never before.\n\nSanto Domingo, RD &#8211; Before the start of his concert on the night of Friday, October 3 at Hard Rock Caf\u00e9 Santo Domingo, the singer and composer of rock and alternative music LIAN! expressed to De \u00daltimo Minuto the emotion he feels about meeting his audience again and giving them a show to match.\n\nThe interpreter of &#8220;Never Come Back&#8221; stated that the most special thing about seeing himself filling such important stages as this is feeling that his music is embraced and accepted by his fans, a feeling he had not felt at the beginning, coming to think that his music did not fit.\n\n\n<p class=\"wp-block-paragraph\"><strong>You may be interested in:<\/strong> <a href=\"https:\/\/ab.deultimominuto.net\/entretenimiento\/el-desfile-por-la-inclusion\/\" data-type=\"post\" data-id=\"545733\" target=\"_blank\" rel=\"noopener\">The Inclusion Parade 2025 filled the RD Fashion Week runway with hope and dignity<\/a><\/p>\n\n\n\n<blockquote class=\"wp-block-quote is-layout-flow wp-block-quote-is-layout-flow\">\n<p class=\"wp-block-paragraph\">\u201cI feel like I&#8217;m slowly learning about this, because before I thought I didn&#8217;t fit in, like nobody understood me, but we have a sold-out concert at Hard Rock Caf\u00e9\u2026 so if all those people came to see me, it&#8217;s for a reason. I really can&#8217;t believe it,\u201d said the singer.<\/p>\n<\/blockquote>\n\n\nAccompanied by his band, LIAN! took the stage at 10:35 p.m., before a diverse and euphoric audience that had been waiting for him since very early, eager to enjoy his extensive musical repertoire and covers of legendary rock bands.\n\n\n<figure class=\"wp-block-image size-large\"><img decoding=\"async\" src=\"https:\/\/ab.deultimominuto.net\/wp-content\/uploads\/2025\/10\/76e1b75d-2046-41ac-bd04-9ce4a1f0e20f-1-1024x576.jpeg\" alt=\"\" class=\"wp-image-546050\" title=\"\"><\/figure>\n\n\nTheir big night began to the rhythm of <strong><a href=\"https:\/\/www.youtube.com\/watch?v=uLQ9i7zXEEY&amp;list=RDuLQ9i7zXEEY&amp;start_radio=1\" data-type=\"link\" data-id=\"https:\/\/www.youtube.com\/watch?v=uLQ9i7zXEEY&amp;list=RDuLQ9i7zXEEY&amp;start_radio=1\" target=\"_blank\" rel=\"noopener\">\u201cInseguridad\u201d,<\/a><\/strong> one of the songs from their first album \u201cOtro planeta\u201d, which contains 12 songs of their authorship that collect different experiences. To this were added in the great presentation other themes such as \u201c\u00bfQu\u00e9 nos pas\u00f3?\u201d, \u201cParison\u201d, \u201cByto\u201d, \u201cMe acuerdo cuando\u201d, \u201cNunca Vuelvas\u201d, \u201cCuerno\u201d, \u201cBajita peligrosa\u201d, \u201cAna\u201d, among many others.\n\nSpecial guests from different musical genres and styles joined the electrifying presentation, who, according to the artist, will be part of a new EP scheduled to be released next November.\n\n\n<figure class=\"wp-block-image size-large\"><img decoding=\"async\" src=\"https:\/\/ab.deultimominuto.net\/wp-content\/uploads\/2025\/10\/fd7fdf80-c1fa-4dfb-91ef-300f1f4d50bc-1024x576.jpeg\" alt=\"\" class=\"wp-image-546052\" title=\"\"><\/figure>\n\n\nAmong them are: Latin Grammy nominee J Noa, to perform &#8220;Oveja Negra&#8221;; Gaby de los Santos, with whom she sang a duet &#8220;B\u00fameran&#8221;; Maja, to bring &#8220;Humo&#8221; to life on stage; Adri Torr\u00f3n, in the presentation of &#8220;Momento Equivoc&#8221;; Mar\u00eda Cerdeiros, for &#8220;Player One&#8221;; Daniela Carlson, in &#8220;Archivado&#8221;; and Emm Silverio, for &#8220;My Fault&#8221;.\n\nThe presentation included a tribute to legendary pop, rock, and alternative music bands worldwide, performing LIAN! hits such as &#8220;Yellow&#8221; by Coldplay, and &#8220;Encore&#8221; by Linkin Park.\n\nTechnically, LIAN!&#8217;s show was accompanied by striking visuals, lights, and a large rock band that enriched the experience and significantly added to the staging.\n\nThe artist wore his characteristic wardrobe, with black and red predominating in his looks, a style that was replicated by his fans, who were inspired by alternative outfits: grunge style, cyberpunk and punk\u2026 leaving minimalism aside.","protected":false},"excerpt":{"rendered":"<p>LIAN! fills the Hard Rock Caf\u00e9 SD with an electrifying show, special guests and an audience that embraced their music like never before. Santo Domingo, RD &#8211; Before the start of his concert on the night of Friday, October 3 at Hard Rock Caf\u00e9 Santo Domingo, the singer and composer of rock and alternative music [&hellip;]<\/p>\n","protected":false},"author":106,"featured_media":485689,"comment_status":"open","ping_status":"open","sticky":false,"template":"","format":"standard","meta":{"_acf_changed":false,"_jetpack_newsletter_access":"","_jetpack_dont_email_post_to_subs":false,"_jetpack_newsletter_tier_id":0,"_jetpack_memberships_contains_paywalled_content":false,"_jetpack_memberships_contains_paid_content":false,"footnotes":"","_members_access_role":[],"_members_access_error":""},"categories":[5],"tags":[16005,28630],"class_list":["post-485688","post","type-post","status-publish","format-standard","has-post-thumbnail","category-entertainment","tag-hard-rock-cafe","tag-lian"],"acf":[],"jetpack_sharing_enabled":true,"jetpack_shortlink":"https:\/\/wp.me\/phj1q1-22lG","jetpack_featured_media_url":"https:\/\/deultimominuto.com\/en\/wp-content\/uploads\/sites\/2\/2025\/10\/76e1b75d-2046-41ac-bd04-9ce4a1f0e20f.jpeg","dum_api":{"author_name":"Lady Alvarez","author_image":"https:\/\/deultimominuto.com\/wp-content\/uploads\/2024\/03\/cropped-Diseno-sin-titulo-35-1-96x96.jpg","categories_name":["Entertainment"],"featured_media_url":"https:\/\/cdn.deultimominuto.com\/en\/wp-content\/uploads\/sites\/2\/2025\/10\/76e1b75d-2046-41ac-bd04-9ce4a1f0e20f.jpeg"},"_links":{"self":[{"href":"https:\/\/deultimominuto.com\/en\/wp-json\/wp\/v2\/posts\/485688","targetHints":{"allow":["GET"]}}],"collection":[{"href":"https:\/\/deultimominuto.com\/en\/wp-json\/wp\/v2\/posts"}],"about":[{"href":"https:\/\/deultimominuto.com\/en\/wp-json\/wp\/v2\/types\/post"}],"author":[{"embeddable":true,"href":"https:\/\/deultimominuto.com\/en\/wp-json\/wp\/v2\/users\/106"}],"replies":[{"embeddable":true,"href":"https:\/\/deultimominuto.com\/en\/wp-json\/wp\/v2\/comments?post=485688"}],"version-history":[{"count":0,"href":"https:\/\/deultimominuto.com\/en\/wp-json\/wp\/v2\/posts\/485688\/revisions"}],"wp:featuredmedia":[{"embeddable":true,"href":"https:\/\/deultimominuto.com\/en\/wp-json\/wp\/v2\/media\/485689"}],"wp:attachment":[{"href":"https:\/\/deultimominuto.com\/en\/wp-json\/wp\/v2\/media?parent=485688"}],"wp:term":[{"taxonomy":"category","embeddable":true,"href":"https:\/\/deultimominuto.com\/en\/wp-json\/wp\/v2\/categories?post=485688"},{"taxonomy":"post_tag","embeddable":true,"href":"https:\/\/deultimominuto.com\/en\/wp-json\/wp\/v2\/tags?post=485688"}],"curies":[{"name":"wp","href":"https:\/\/api.w.org\/{rel}","templated":true}]}}