{"id":486070,"date":"2025-10-08T22:17:55","date_gmt":"2025-10-09T02:17:55","guid":{"rendered":"https:\/\/deultimominuto.net\/en\/uncategorized\/judge-alejandro-vargas-says-questions-to-tc-judges-must-be-random-this-avoids-some-clairvoyants\/"},"modified":"2025-10-08T22:21:40","modified_gmt":"2025-10-09T02:21:40","slug":"judge-alejandro-vargas-says-questions-to-tc-judges-must-be-random-this-avoids-some-clairvoyants","status":"publish","type":"post","link":"https:\/\/deultimominuto.com\/en\/dominican-news\/judge-alejandro-vargas-says-questions-to-tc-judges-must-be-random-this-avoids-some-clairvoyants\/","title":{"rendered":"Judge Alejandro Vargas says questions to TC judges must be random: \u00a0\u201cThis avoids some clairvoyants\u201d"},"content":{"rendered":"<strong>Santo Domingo.<\/strong>&#8211; The magistrate of the Constitutional Court, <strong>Jos\u00e9 Alejandro Vargas<\/strong>, referred to the way in which candidates for judges of the high courts are evaluated, expressing an initiative with which he believes transparency in the process can be strengthened.\n\nFor Vargas, the way evaluation is currently carried out can lend itself to some candidates presenting with memorized answers, managing to excel without necessarily reflecting real knowledge.\n\n\n<p class=\"wp-block-paragraph\"><strong>You may be interested in<\/strong>: <a href=\"https:\/\/ab.deultimominuto.net\/nacionales\/cnm-inicia-evaluacion-a-jueces\/\" data-type=\"post\" data-id=\"544690\" target=\"_blank\" rel=\"noopener\">CNM begins evaluation of Supreme Court of Justice judges<\/a><\/p>\n\n\n\n<p class=\"wp-block-paragraph\"><strong>\u201cThis prevents some clairvoyants from appearing in the solemn hall of interpellations with their memorized answers and shining as unparalleled titans of legal knowledge to the detriment of others who lack the virtue of being seers, as in our case,\u201d<\/strong> wrote Vargas.<\/p>\n\n\nAs explained, the <strong>National Council of the Magistracy<\/strong> must first prepare a set of technical-legal questions, put them in a container and draw them at random in front of the public during the interpellations.\n\nHe also emphasized that ethics should be the fundamental criterion in the evaluation of candidates, pointing out that those who ignore it represent a risk to justice and the stability of the judicial system.\n\n\n<figure class=\"wp-block-embed is-type-rich is-provider-twitter wp-block-embed-twitter\"><div class=\"wp-block-embed__wrapper\">\n<blockquote class=\"twitter-tweet\" data-width=\"550\" data-dnt=\"true\"><p lang=\"es\" dir=\"ltr\">Para dotar de mayor transparencia las evaluaciones de los aspirantes a jueces de las altas cortes, creo que el Consejo Nacional de la Magistratura deber\u00eda preparar previamente e introducir en un recipiente, las preguntas t\u00e9cnico-jur\u00eddicas que habr\u00e1 de formular a cada candidato,\u2026 <a href=\"https:\/\/t.co\/OI0jEOmtm0\">pic.twitter.com\/OI0jEOmtm0<\/a><\/p>&mdash; Jos\u00e9 Alejandro Vargas (@JoseAlejandroVJ) <a href=\"https:\/\/x.com\/JoseAlejandroVJ\/status\/1975950438353580092?ref_src=twsrc%5Etfw\">October 8, 2025<\/a><\/blockquote><script async src=\"https:\/\/platform.x.com\/widgets.js\" charset=\"utf-8\"><\/script>\n<\/div><\/figure>\n","protected":false},"excerpt":{"rendered":"<p>Santo Domingo.&#8211; The magistrate of the Constitutional Court, Jos\u00e9 Alejandro Vargas, referred to the way in which candidates for judges of the high courts are evaluated, expressing an initiative with which he believes transparency in the process can be strengthened. For Vargas, the way evaluation is currently carried out can lend itself to some candidates [&hellip;]<\/p>\n","protected":false},"author":27,"featured_media":486072,"comment_status":"open","ping_status":"open","sticky":false,"template":"","format":"standard","meta":{"_acf_changed":false,"_jetpack_newsletter_access":"","_jetpack_dont_email_post_to_subs":false,"_jetpack_newsletter_tier_id":0,"_jetpack_memberships_contains_paywalled_content":false,"_jetpack_memberships_contains_paid_content":false,"footnotes":"","_members_access_role":[],"_members_access_error":""},"categories":[40216],"tags":[27174,42552],"class_list":["post-486070","post","type-post","status-publish","format-standard","has-post-thumbnail","category-dominican-news","tag-alejandro-vargas","tag-constitutional-court"],"acf":[],"jetpack_sharing_enabled":true,"jetpack_shortlink":"https:\/\/wp.me\/phj1q1-22rQ","jetpack_featured_media_url":"https:\/\/deultimominuto.com\/en\/wp-content\/uploads\/sites\/2\/2025\/10\/658243885d5e1.jpeg","dum_api":{"author_name":"Arelis Suero","author_image":"https:\/\/deultimominuto.com\/wp-content\/uploads\/2024\/03\/cropped-cropped-Diseno-sin-titulo-41-96x96.jpg","categories_name":["Dominican News"],"featured_media_url":"https:\/\/cdn.deultimominuto.com\/en\/wp-content\/uploads\/sites\/2\/2025\/10\/658243885d5e1.jpeg"},"_links":{"self":[{"href":"https:\/\/deultimominuto.com\/en\/wp-json\/wp\/v2\/posts\/486070","targetHints":{"allow":["GET"]}}],"collection":[{"href":"https:\/\/deultimominuto.com\/en\/wp-json\/wp\/v2\/posts"}],"about":[{"href":"https:\/\/deultimominuto.com\/en\/wp-json\/wp\/v2\/types\/post"}],"author":[{"embeddable":true,"href":"https:\/\/deultimominuto.com\/en\/wp-json\/wp\/v2\/users\/27"}],"replies":[{"embeddable":true,"href":"https:\/\/deultimominuto.com\/en\/wp-json\/wp\/v2\/comments?post=486070"}],"version-history":[{"count":0,"href":"https:\/\/deultimominuto.com\/en\/wp-json\/wp\/v2\/posts\/486070\/revisions"}],"wp:featuredmedia":[{"embeddable":true,"href":"https:\/\/deultimominuto.com\/en\/wp-json\/wp\/v2\/media\/486072"}],"wp:attachment":[{"href":"https:\/\/deultimominuto.com\/en\/wp-json\/wp\/v2\/media?parent=486070"}],"wp:term":[{"taxonomy":"category","embeddable":true,"href":"https:\/\/deultimominuto.com\/en\/wp-json\/wp\/v2\/categories?post=486070"},{"taxonomy":"post_tag","embeddable":true,"href":"https:\/\/deultimominuto.com\/en\/wp-json\/wp\/v2\/tags?post=486070"}],"curies":[{"name":"wp","href":"https:\/\/api.w.org\/{rel}","templated":true}]}}