{"id":486102,"date":"2025-10-09T07:23:31","date_gmt":"2025-10-09T11:23:31","guid":{"rendered":"https:\/\/deultimominuto.net\/en\/uncategorized\/edgar-feliz-is-appointed-director-of-the-directorate-of-social-assistance-and-community-food-after-merging-social-plan-and-economic-dining-halls\/"},"modified":"2025-10-09T07:23:31","modified_gmt":"2025-10-09T11:23:31","slug":"edgar-feliz-is-appointed-director-of-the-directorate-of-social-assistance-and-community-food-after-merging-social-plan-and-economic-dining-halls","status":"publish","type":"post","link":"https:\/\/deultimominuto.com\/en\/uncategorized\/edgar-feliz-is-appointed-director-of-the-directorate-of-social-assistance-and-community-food-after-merging-social-plan-and-economic-dining-halls\/","title":{"rendered":"Edgar F\u00e9liz is appointed director of the Directorate of Social Assistance and Community Food after merging Social Plan and Economic Dining Halls"},"content":{"rendered":"<strong>Santo Domingo<\/strong>. &#8211; Edgar Augusto Feliz M\u00e9ndez has been appointed by the President of the Dominican Republic, Luis Abinader, as the director of the Directorate of Social Assistance and Community Food, by merging the Economic Dining Rooms of the State and the Social Assistance Plan.\n\nMeanwhile, Edgar F\u00e9lix remained as director of the Economic Dining Halls, since the beginning of Luis Abinader&#8217;s government in August 2020.\n\nIt should be noted that Yadira Altagracia Henr\u00edquez N\u00fa\u00f1ez was in the Social Assistance Plan.\n\nThe decree states that until the Directorate of Social Assistance and Community Food is incorporated into the subsystems of the Integrated Financial Administration System of the State (SIAFE), the appointed director is provisionally authorized to coordinate the operational management of the executing units corresponding to the entities dissolved by this decree, exclusively for the purpose of ensuring the continuity of services. This coordination will be carried out in accordance with the provisions of Law No. 423-06, Law No. 5-07, the Financial Management Information System (SIGEF) and other applicable budgetary regulations.\n\n<div class=\"wp-block-image\">\n<figure class=\"aligncenter size-large is-resized\"><img decoding=\"async\" src=\"https:\/\/ab.deultimominuto.net\/wp-content\/uploads\/2025\/10\/WhatsApp-Image-2025-10-09-at-7.06.32-AM-1-804x1024.jpeg\" alt=\"\" class=\"wp-image-547864\" style=\"width:580px;height:auto\" title=\"\"><\/figure>\n<\/div>","protected":false},"excerpt":{"rendered":"<p>Santo Domingo. &#8211; Edgar Augusto Feliz M\u00e9ndez has been appointed by the President of the Dominican Republic, Luis Abinader, as the director of the Directorate of Social Assistance and Community Food, by merging the Economic Dining Rooms of the State and the Social Assistance Plan. Meanwhile, Edgar F\u00e9lix remained as director of the Economic Dining [&hellip;]<\/p>\n","protected":false},"author":133537,"featured_media":0,"comment_status":"open","ping_status":"open","sticky":false,"template":"","format":"standard","meta":{"_acf_changed":false,"_jetpack_newsletter_access":"","_jetpack_dont_email_post_to_subs":false,"_jetpack_newsletter_tier_id":0,"_jetpack_memberships_contains_paywalled_content":false,"_jetpack_memberships_contains_paid_content":false,"footnotes":"","_members_access_role":[],"_members_access_error":""},"categories":[1],"tags":[],"class_list":["post-486102","post","type-post","status-publish","format-standard","category-uncategorized"],"acf":[],"jetpack_sharing_enabled":true,"jetpack_shortlink":"https:\/\/wp.me\/phj1q1-22sm","jetpack_featured_media_url":"","dum_api":{"author_name":"Paola Castillo","author_image":"https:\/\/deultimominuto.com\/wp-content\/uploads\/2025\/10\/cropped-paola-castillo-f-96x96.jpg","categories_name":["Uncategorized"],"featured_media_url":null},"_links":{"self":[{"href":"https:\/\/deultimominuto.com\/en\/wp-json\/wp\/v2\/posts\/486102","targetHints":{"allow":["GET"]}}],"collection":[{"href":"https:\/\/deultimominuto.com\/en\/wp-json\/wp\/v2\/posts"}],"about":[{"href":"https:\/\/deultimominuto.com\/en\/wp-json\/wp\/v2\/types\/post"}],"author":[{"embeddable":true,"href":"https:\/\/deultimominuto.com\/en\/wp-json\/wp\/v2\/users\/133537"}],"replies":[{"embeddable":true,"href":"https:\/\/deultimominuto.com\/en\/wp-json\/wp\/v2\/comments?post=486102"}],"version-history":[{"count":0,"href":"https:\/\/deultimominuto.com\/en\/wp-json\/wp\/v2\/posts\/486102\/revisions"}],"wp:attachment":[{"href":"https:\/\/deultimominuto.com\/en\/wp-json\/wp\/v2\/media?parent=486102"}],"wp:term":[{"taxonomy":"category","embeddable":true,"href":"https:\/\/deultimominuto.com\/en\/wp-json\/wp\/v2\/categories?post=486102"},{"taxonomy":"post_tag","embeddable":true,"href":"https:\/\/deultimominuto.com\/en\/wp-json\/wp\/v2\/tags?post=486102"}],"curies":[{"name":"wp","href":"https:\/\/api.w.org\/{rel}","templated":true}]}}