{"id":486698,"date":"2025-10-14T13:15:36","date_gmt":"2025-10-14T17:15:36","guid":{"rendered":"https:\/\/deultimominuto.net\/en\/uncategorized\/parlacen-organizes-international-forum-to-promote-municipal-tourism-and-dedicates-it-to-the-international-day-of-the-girl\/"},"modified":"2025-10-14T13:15:36","modified_gmt":"2025-10-14T17:15:36","slug":"parlacen-organizes-international-forum-to-promote-municipal-tourism-and-dedicates-it-to-the-international-day-of-the-girl","status":"publish","type":"post","link":"https:\/\/deultimominuto.com\/en\/uncategorized\/parlacen-organizes-international-forum-to-promote-municipal-tourism-and-dedicates-it-to-the-international-day-of-the-girl\/","title":{"rendered":"PARLACEN organizes international forum to promote municipal tourism and dedicates it to the &#8220;International Day of the Girl&#8221;"},"content":{"rendered":"<strong>Saman\u00e1. <\/strong>&#8211; With the emotional words of welcome and gratitude by the <a href=\"https:\/\/es.wikipedia.org\/wiki\/Parlamento_Centroamericano\" target=\"_blank\" rel=\"noopener\">President of the Central American Parliament<\/a> (PARLACEN), the honorable Salvadoran Deputy Carlos Hern\u00e1ndez and with the assistance of important legislative and Municipalist authorities that make up this regional parliamentary body, the V forum of Municipalist Women of the SICA Region was inaugurated and which has as its motto: \u201cStrengthening Municipal Tourism, Promoting Female Empowerment and Entrepreneurship through International Cooperation and Strategic Alliances\u201d; activity, which for this year being focused on female empowerment has also been dedicated to the Commemoration of the \u201cInternational Day of the Girl\u201d, with the participation of two meritorious students aged 6 and 13 years representing the girls of the world on the occasion of their international day.\n\nThe V International Forum for the strengthening of Municipal Tourism and, for female empowerment, organized in the Province of Saman\u00e1 of DR, and sponsored by the Embassy of the People&#8217;s Republic of China in Panama, the Municipality of Panama and the Latin American Bank (CAF), coordinated by the Municipal Affairs Commission of PARLACEN, in addition to female municipal authorities, had a wide representation of women authorities from the most outstanding institutions in the country such as: the Women&#8217;s Forum of Political Parties of the Dominican Republic, the International Women&#8217;s Collective for Democracy, the Princesas del Siglo 21 Foundation and the M\u00e1s Mujeres Pol\u00edticas Foundation, special guest entities by the organizers and who supported the coordination of dozens of female Manicurists who attended such an important event that had a wide participation of international exhibitors, who advocated for greater empowerment in sustainable tourism, to generate female entrepreneurship, which in turn, translates into greater opportunities.\n\nThe board of directors was headed by HD Carlos Hern\u00e1ndez, President of PARLACEN; HD Rub\u00e9n Dar\u00edo Tercero Campos Rodr\u00edguez, President of the Municipal Affairs and Citizenship Development Commission; HA Ana Reyes, Mayor of the Municipal District of Las Galeras, Saman\u00e1; HD Cecilia Vargas, Secretary; HD Catalina Olea Salazar.\n\n\n<p class=\"wp-block-paragraph\"><strong>You can also read:<\/strong> <a href=\"https:\/\/ab.deultimominuto.net\/internacionales\/la-oms-alerta\/\" target=\"_blank\" rel=\"noopener\">WHO warns that more than a third of the world&#8217;s population suffers from neurological disorders<\/a><\/p>\n\n\nDuring his intervention, President HD Carlos Hern\u00e1ndez highlighted that more than 50% of tourism ventures in the SICA region are led by women, but most are informal and with limited access to resources, training, and institutional support, reflecting a deep equity gap that must be addressed urgently; In addition to him, the other participants expressed their gratitude to all those present for the massive support that the forum received in its fifth edition.\n\nLikewise, the mayor of Saman\u00e1, the honorable Ana Reyes, expressed her satisfaction and gratitude to both the organizers of the forum and the audience present for being present in such an important tourist municipality as Las Galeras de Saman\u00e1, encouraging this initiative not to be the only one in its Province, highlighting the tourist potential that Saman\u00e1 has.\n\n<p><br>In her speech, the 9-year-old girl Jelmayhony De Le\u00f3n P\u00e9rez, when addressing those present about the origin of the Municipal District of Las Galeras, emphasized the historical beauties that characterize this municipality.<\/p>\n\n<p><br>Upon concluding the forum, the teenager Mar\u00eda Fernanda G\u00f3mez, a visual artist, and Coordinator of the International Women&#8217;s Volunteer for Democracy, from the Women&#8217;s Collective and the Princesas del Siglo 21 Foundation, highlighted in her speech the importance of highlighting the Christian values that characterize us as Latin American nations, showing that each of the speakers began their speeches or interventions by giving thanks to God. <\/p>\n\nUpon concluding her words, Mar\u00eda Fernanda presented a recognition plaque to the honorable deputies Carlos Hern\u00e1ndez (President of PARLACEN), Rub\u00e9n Dar\u00edo Campos, Cecilia Vargas, and Catalina Olea Salazar (members of the international Parliamentary body); as well as Mar\u00eda Fernanda, who is also a Plastic artist, presented one of her oil-on-desk artworks, titled: \u201cBeyond Inclusion\u201d, to the honorable Deputies Carlos Hern\u00e1ndez and Silvia Garc\u00eda (Former President of PARLACEN), for their support of specific programs in favor of the visibility of girls.","protected":false},"excerpt":{"rendered":"<p>Saman\u00e1. &#8211; With the emotional words of welcome and gratitude by the President of the Central American Parliament (PARLACEN), the honorable Salvadoran Deputy Carlos Hern\u00e1ndez and with the assistance of important legislative and Municipalist authorities that make up this regional parliamentary body, the V forum of Municipalist Women of the SICA Region was inaugurated and [&hellip;]<\/p>\n","protected":false},"author":133537,"featured_media":0,"comment_status":"open","ping_status":"open","sticky":false,"template":"","format":"standard","meta":{"_acf_changed":false,"_jetpack_newsletter_access":"","_jetpack_dont_email_post_to_subs":false,"_jetpack_newsletter_tier_id":0,"_jetpack_memberships_contains_paywalled_content":false,"_jetpack_memberships_contains_paid_content":false,"footnotes":"","_members_access_role":[],"_members_access_error":""},"categories":[1],"tags":[],"class_list":["post-486698","post","type-post","status-publish","format-standard","category-uncategorized"],"acf":[],"jetpack_sharing_enabled":true,"jetpack_shortlink":"https:\/\/wp.me\/phj1q1-22BY","jetpack_featured_media_url":"","dum_api":{"author_name":"Paola Castillo","author_image":"https:\/\/deultimominuto.com\/wp-content\/uploads\/2025\/10\/cropped-paola-castillo-f-96x96.jpg","categories_name":["Uncategorized"],"featured_media_url":null},"_links":{"self":[{"href":"https:\/\/deultimominuto.com\/en\/wp-json\/wp\/v2\/posts\/486698","targetHints":{"allow":["GET"]}}],"collection":[{"href":"https:\/\/deultimominuto.com\/en\/wp-json\/wp\/v2\/posts"}],"about":[{"href":"https:\/\/deultimominuto.com\/en\/wp-json\/wp\/v2\/types\/post"}],"author":[{"embeddable":true,"href":"https:\/\/deultimominuto.com\/en\/wp-json\/wp\/v2\/users\/133537"}],"replies":[{"embeddable":true,"href":"https:\/\/deultimominuto.com\/en\/wp-json\/wp\/v2\/comments?post=486698"}],"version-history":[{"count":0,"href":"https:\/\/deultimominuto.com\/en\/wp-json\/wp\/v2\/posts\/486698\/revisions"}],"wp:attachment":[{"href":"https:\/\/deultimominuto.com\/en\/wp-json\/wp\/v2\/media?parent=486698"}],"wp:term":[{"taxonomy":"category","embeddable":true,"href":"https:\/\/deultimominuto.com\/en\/wp-json\/wp\/v2\/categories?post=486698"},{"taxonomy":"post_tag","embeddable":true,"href":"https:\/\/deultimominuto.com\/en\/wp-json\/wp\/v2\/tags?post=486698"}],"curies":[{"name":"wp","href":"https:\/\/api.w.org\/{rel}","templated":true}]}}