{"id":487024,"date":"2025-10-16T16:39:56","date_gmt":"2025-10-16T20:39:56","guid":{"rendered":"https:\/\/deultimominuto.net\/en\/uncategorized\/vicente-sanchez-baret-a-dominican-political-figure-and-founder-of-the-prd-and-prm-passes-away\/"},"modified":"2025-10-16T16:39:56","modified_gmt":"2025-10-16T20:39:56","slug":"vicente-sanchez-baret-a-dominican-political-figure-and-founder-of-the-prd-and-prm-passes-away","status":"publish","type":"post","link":"https:\/\/deultimominuto.com\/en\/dominican-news\/vicente-sanchez-baret-a-dominican-political-figure-and-founder-of-the-prd-and-prm-passes-away\/","title":{"rendered":"Vicente S\u00e1nchez Baret, a Dominican political figure and founder of the PRD and PRM, passes away."},"content":{"rendered":"<strong>Santo Domingo, R.D. <\/strong>\u2013 The Dominican Republic bids farewell with sorrow to veteran political leader and public servant <strong>Vicente S\u00e1nchez Baret<\/strong>, one of the most influential figures in the country&#8217;s modern politics and founder of the <strong>Dominican Revolutionary (PRD)<\/strong> and <strong>Modern Revolutionary (PRM)<\/strong> parties.\n\nOver more than five decades, S\u00e1nchez Baret distinguished himself for his <strong>vocation of service, his honesty, and his commitment to democracy<\/strong>, values that marked his time in public administration and made him a benchmark of integrity in the state function.\n\n\n<p class=\"wp-block-paragraph\"><strong>You may be interested in: <\/strong><a href=\"http:\/\/Fallece a los 107 a\u00f1os Mar\u00eda Cristina Camilo, pionera de la locuci\u00f3n en Rep\u00fablica Dominicana\">http:\/\/Fallece a los 107 a\u00f1os Mar\u00eda Cristina Camilo, pioneer of broadcasting in the Dominican Republic<\/a><\/p>\n\n\nThose who knew him highlight his firm character, his respected word, and his humane treatment. He was recognized for his loyalty to democratic ideals and his tireless efforts to strengthen the country&#8217;s institutions.\n\n\n<h3 class=\"wp-block-heading\">A legacy beyond politics<\/h3>\n\n\n\n<p class=\"wp-block-paragraph\">In his personal life, he shared his life with <strong>Dr. Yadira Henr\u00edquez<\/strong>, with whom he formed a family and a solid political and social alliance. Together they promoted various initiatives aimed at the well-being of the most vulnerable sectors, consolidating themselves as a symbol couple of commitment to justice and social equity.<\/p>\n\n\nBorn in the province <strong>S\u00e1nchez Ram\u00edrez<\/strong>, his homeland, S\u00e1nchez Baret always remained linked to the causes of his community. In one of his most remembered statements, he expressed: <em>\u201cYou can be honest, political, and modern; society must understand the importance of that\u201d<\/em>.\n\nHis death leaves a deep void in Dominican politics, but also a legacy of &#8220;decency, modernity, and public service&#8221; that transcends generations and consecrates him as a true paradigm of ethical leadership in the Dominican Republic.","protected":false},"excerpt":{"rendered":"<p>Santo Domingo, R.D. \u2013 The Dominican Republic bids farewell with sorrow to veteran political leader and public servant Vicente S\u00e1nchez Baret, one of the most influential figures in the country&#8217;s modern politics and founder of the Dominican Revolutionary (PRD) and Modern Revolutionary (PRM) parties. Over more than five decades, S\u00e1nchez Baret distinguished himself for his [&hellip;]<\/p>\n","protected":false},"author":4,"featured_media":487025,"comment_status":"open","ping_status":"open","sticky":false,"template":"","format":"standard","meta":{"_acf_changed":false,"_jetpack_newsletter_access":"","_jetpack_dont_email_post_to_subs":false,"_jetpack_newsletter_tier_id":0,"_jetpack_memberships_contains_paywalled_content":false,"_jetpack_memberships_contains_paid_content":false,"footnotes":"","_members_access_role":[],"_members_access_error":""},"categories":[40216],"tags":[40315],"class_list":["post-487024","post","type-post","status-publish","format-standard","has-post-thumbnail","category-dominican-news","tag-deceased"],"acf":[],"jetpack_sharing_enabled":true,"jetpack_shortlink":"https:\/\/wp.me\/phj1q1-22He","jetpack_featured_media_url":"https:\/\/deultimominuto.com\/en\/wp-content\/uploads\/sites\/2\/2025\/10\/3fd260da-bfd7-4155-9b1a-6e06d31a3bcb.webp","dum_api":{"author_name":"Redacci\u00f3n De \u00daltimo Minuto","author_image":"https:\/\/deultimominuto.com\/wp-content\/uploads\/2025\/02\/cropped-logo-de-ultimo-minuto-96x96.png","categories_name":["Dominican News"],"featured_media_url":"https:\/\/cdn.deultimominuto.com\/en\/wp-content\/uploads\/sites\/2\/2025\/10\/3fd260da-bfd7-4155-9b1a-6e06d31a3bcb.webp"},"_links":{"self":[{"href":"https:\/\/deultimominuto.com\/en\/wp-json\/wp\/v2\/posts\/487024","targetHints":{"allow":["GET"]}}],"collection":[{"href":"https:\/\/deultimominuto.com\/en\/wp-json\/wp\/v2\/posts"}],"about":[{"href":"https:\/\/deultimominuto.com\/en\/wp-json\/wp\/v2\/types\/post"}],"author":[{"embeddable":true,"href":"https:\/\/deultimominuto.com\/en\/wp-json\/wp\/v2\/users\/4"}],"replies":[{"embeddable":true,"href":"https:\/\/deultimominuto.com\/en\/wp-json\/wp\/v2\/comments?post=487024"}],"version-history":[{"count":0,"href":"https:\/\/deultimominuto.com\/en\/wp-json\/wp\/v2\/posts\/487024\/revisions"}],"wp:featuredmedia":[{"embeddable":true,"href":"https:\/\/deultimominuto.com\/en\/wp-json\/wp\/v2\/media\/487025"}],"wp:attachment":[{"href":"https:\/\/deultimominuto.com\/en\/wp-json\/wp\/v2\/media?parent=487024"}],"wp:term":[{"taxonomy":"category","embeddable":true,"href":"https:\/\/deultimominuto.com\/en\/wp-json\/wp\/v2\/categories?post=487024"},{"taxonomy":"post_tag","embeddable":true,"href":"https:\/\/deultimominuto.com\/en\/wp-json\/wp\/v2\/tags?post=487024"}],"curies":[{"name":"wp","href":"https:\/\/api.w.org\/{rel}","templated":true}]}}