{"id":487651,"date":"2025-10-21T19:29:04","date_gmt":"2025-10-21T23:29:04","guid":{"rendered":"https:\/\/deultimominuto.net\/en\/uncategorized\/deputies-approve-designating-the-santo-domingo-bypass-and-ecologica-avenue-with-the-names-of-juan-bosch-and-pena-gomez\/"},"modified":"2025-10-21T19:29:04","modified_gmt":"2025-10-21T23:29:04","slug":"deputies-approve-designating-the-santo-domingo-bypass-and-ecologica-avenue-with-the-names-of-juan-bosch-and-pena-gomez","status":"publish","type":"post","link":"https:\/\/deultimominuto.com\/en\/dominican-news\/deputies-approve-designating-the-santo-domingo-bypass-and-ecologica-avenue-with-the-names-of-juan-bosch-and-pena-gomez\/","title":{"rendered":"Deputies approve designating the Santo Domingo bypass and Ecol\u00f3gica Avenue with the names of Juan Bosch and Pe\u00f1a G\u00f3mez"},"content":{"rendered":"\n<p class=\"wp-block-paragraph\"><strong>Santo Domingo.- <\/strong>The Chamber of Deputies approved this Tuesday, in two consecutive discussions, a bill that designates the Santo Domingo Beltway as <strong>\u201cProfessor Juan Bosch\u201d<\/strong> and the Ecological Avenue, located in the east zone of Santo Domingo province, as <strong>\u201cDoctor Jos\u00e9 Francisco Pe\u00f1a G\u00f3mez\u201d<\/strong>.<\/p>\n\n\nThe initiative was presented by the president of the Chamber of Deputies, Alfredo Pacheco, along with the deputies Rafael Augusto Castillo Casado, Onavel Aristy, Gustavo S\u00e1nchez, Fiordaliza Est\u00e9vez, Eduviges Bautista, Braulio Espinal and Amado D\u00edaz.\n\nDuring the project&#8217;s motivation, Pacheco highlighted the leadership and political trajectories of Bosch and Pe\u00f1a G\u00f3mez, noting that the democracy and social and political stability that the country enjoys today are the result of the influence and leadership exerted by these leaders, along with Dr. Joaqu\u00edn Balaguer.\n\nThe president of the Special Commission that studied the project, deputy Juan Jos\u00e9 Rojas, highlighted that this designation not only names two important avenues, but also pays homage to two fundamental pillars in the history of the Dominican Republic.\n\n\n<p class=\"wp-block-paragraph\"><strong>You can read: <a href=\"https:\/\/ab.deultimominuto.net\/nacionales\/si-no-llueve-hay-codigo\/\" target=\"_blank\" rel=\"noopener\">\u201cIf it doesn&#8217;t rain, there&#8217;s Code\u201d: Senate could approve the Criminal Procedure Code on Thursday<\/a><\/strong><\/p>\n\n\n&#8220;Juan Bosch and Pe\u00f1a G\u00f3mez were two leaders who, from different trenches, shared the same cause: democracy, social justice, and national progress,&#8221; Rojas affirmed.\n\nFurthermore, in the session, several resolutions were approved that request the Executive Branch to build and renovate sports facilities, police detachments, passport offices, and a trauma hospital in different communities of the country.\n\nThe deputies also observed a minute of silence in memory of the deceased Vicente S\u00e1nchez Baret, a high-ranking leader of the Dominican Revolutionary Party and former senator for S\u00e1nchez Ram\u00edrez, as well as for Manuel Mej\u00eda, businessman; Ram\u00f3n Matos, merchant; and Radham\u00e9s P\u00e9rez, student from Pedernales.","protected":false},"excerpt":{"rendered":"<p>Santo Domingo.- The Chamber of Deputies approved this Tuesday, in two consecutive discussions, a bill that designates the Santo Domingo Beltway as \u201cProfessor Juan Bosch\u201d and the Ecological Avenue, located in the east zone of Santo Domingo province, as \u201cDoctor Jos\u00e9 Francisco Pe\u00f1a G\u00f3mez\u201d. The initiative was presented by the president of the Chamber of [&hellip;]<\/p>\n","protected":false},"author":4,"featured_media":487652,"comment_status":"open","ping_status":"open","sticky":false,"template":"","format":"standard","meta":{"_acf_changed":false,"_jetpack_newsletter_access":"","_jetpack_dont_email_post_to_subs":false,"_jetpack_newsletter_tier_id":0,"_jetpack_memberships_contains_paywalled_content":false,"_jetpack_memberships_contains_paid_content":false,"footnotes":"","_members_access_role":[],"_members_access_error":""},"categories":[40216],"tags":[],"class_list":["post-487651","post","type-post","status-publish","format-standard","has-post-thumbnail","category-dominican-news"],"acf":[],"jetpack_sharing_enabled":true,"jetpack_shortlink":"https:\/\/wp.me\/phj1q1-22Rl","jetpack_featured_media_url":"https:\/\/deultimominuto.com\/en\/wp-content\/uploads\/sites\/2\/2025\/10\/Captura-de-pantalla-2025-10-21-192647.jpg","dum_api":{"author_name":"Redacci\u00f3n De \u00daltimo Minuto","author_image":"https:\/\/deultimominuto.com\/wp-content\/uploads\/2025\/02\/cropped-logo-de-ultimo-minuto-96x96.png","categories_name":["Dominican News"],"featured_media_url":"https:\/\/cdn.deultimominuto.com\/en\/wp-content\/uploads\/sites\/2\/2025\/10\/Captura-de-pantalla-2025-10-21-192647.jpg"},"_links":{"self":[{"href":"https:\/\/deultimominuto.com\/en\/wp-json\/wp\/v2\/posts\/487651","targetHints":{"allow":["GET"]}}],"collection":[{"href":"https:\/\/deultimominuto.com\/en\/wp-json\/wp\/v2\/posts"}],"about":[{"href":"https:\/\/deultimominuto.com\/en\/wp-json\/wp\/v2\/types\/post"}],"author":[{"embeddable":true,"href":"https:\/\/deultimominuto.com\/en\/wp-json\/wp\/v2\/users\/4"}],"replies":[{"embeddable":true,"href":"https:\/\/deultimominuto.com\/en\/wp-json\/wp\/v2\/comments?post=487651"}],"version-history":[{"count":0,"href":"https:\/\/deultimominuto.com\/en\/wp-json\/wp\/v2\/posts\/487651\/revisions"}],"wp:featuredmedia":[{"embeddable":true,"href":"https:\/\/deultimominuto.com\/en\/wp-json\/wp\/v2\/media\/487652"}],"wp:attachment":[{"href":"https:\/\/deultimominuto.com\/en\/wp-json\/wp\/v2\/media?parent=487651"}],"wp:term":[{"taxonomy":"category","embeddable":true,"href":"https:\/\/deultimominuto.com\/en\/wp-json\/wp\/v2\/categories?post=487651"},{"taxonomy":"post_tag","embeddable":true,"href":"https:\/\/deultimominuto.com\/en\/wp-json\/wp\/v2\/tags?post=487651"}],"curies":[{"name":"wp","href":"https:\/\/api.w.org\/{rel}","templated":true}]}}