{"id":487663,"date":"2025-10-21T20:25:11","date_gmt":"2025-10-22T00:25:11","guid":{"rendered":"https:\/\/deultimominuto.net\/en\/uncategorized\/former-president-uribe-acquitted-of-all-charges-in-the-trial-of-the-century-in-colombia\/"},"modified":"2025-10-21T20:25:11","modified_gmt":"2025-10-22T00:25:11","slug":"former-president-uribe-acquitted-of-all-charges-in-the-trial-of-the-century-in-colombia","status":"publish","type":"post","link":"https:\/\/deultimominuto.com\/en\/international\/former-president-uribe-acquitted-of-all-charges-in-the-trial-of-the-century-in-colombia\/","title":{"rendered":"Former President Uribe, acquitted of all charges in the &#8216;trial of the century&#8217; in Colombia"},"content":{"rendered":"\n<p class=\"wp-block-paragraph\"><strong>Bogot\u00e1.- <\/strong>A Colombian court revoked this Tuesday the sentence against former President \u00c1lvaro Uribe V\u00e9lez (2002-2010) and acquitted him of the crimes of bribery in criminal proceedings and procedural fraud for which he had been sentenced in the first instance to twelve years of house arrest.<\/p>\n\n\nThe defense of the right-wing former president, 73 years old, and one of the most influential politicians of this century in Colombia, had appealed the decision of Judge Sandra Heredia who last August, in the so-called &#8216;trial of the century&#8217; in the country, made him the first Colombian head of state to be criminally convicted.\n\n\n<p class=\"wp-block-paragraph\"><strong>You can read: <a href=\"https:\/\/ab.deultimominuto.net\/internacionales\/alcalde-de-nueva-york\/\" target=\"_blank\" rel=\"noopener\">New York City Mayor reiterates that the city does not cooperate with ICE, after raid in Manhattan<\/a><\/strong><\/p>\n\n\nThe Superior Court of Bogot\u00e1, the same one that had ordered Uribe&#8217;s release while his case was being resolved on appeal, sided with the former president today and exonerated him of all charges against him.\n\nHowever, the left-wing senator and presidential pre-candidate Iv\u00e1n Cepeda, considered a victim in this case, announced that he will take the case to cassation in the Supreme Court of Justice, which will have the last word.\n\n\n<h2 class=\"wp-block-heading\"><strong>Innocent of both crimes<\/strong><\/h2>\n\n\nIn reading the second instance ruling, magistrate Manuel Antonio Merch\u00e1n indicated that there is insufficient evidence to prove that Uribe ordered to offer benefits to former paramilitaries Carlos Enrique V\u00e9lez, Eur\u00eddice Cort\u00e9s and Juan Guillermo Monsalve in exchange for them not linking him to the creation of a paramilitary group.\n\nFurthermore, the court found that the crime of procedural fraud was not substantiated and declared illegal some telephone interceptions of Uribe in 2018 because they were initiated by mistake when another person was being investigated.\n\n&#8220;The trial court incurred methodological errors, interpretive fallacy, and biased assessment of evidence, when constructing inferences about its functional ordination (sic) and malice without objective support,&#8221; the magistrate stated.\n\nThis case against Uribe, who always defended his innocence and called the first conviction political persecution, dates back to 2012, when the then-senator sued Cepeda before the Supreme Court of Justice for alleged manipulation of witnesses, while the latter was preparing a complaint in Congress against him for alleged links with paramilitary groups.\n\nHowever, the Court not only decided not to investigate Cepeda but also opened a process against Uribe upon finding evidence that he manipulated witnesses to prevent them from linking him to the paramilitarism that confronted the leftist guerrillas during the Colombian armed conflict.\n\n\n<h2 class=\"wp-block-heading\"><strong>Politics Reacts<\/strong><\/h2>\n\n\nOne of the first to react to Uribe&#8217;s acquittal was the Colombian president, Gustavo Petro, who stated that the ruling &#8220;covers up the paramilitary history in Colombia&#8221; and of those who &#8220;came to power allied with drug trafficking and unleashed the genocide in Colombia&#8221;.\n\nPetro, located at the political antipodes of Uribe, also called on citizens to meet next Friday in Plaza de Bol\u00edvar, in the heart of Bogot\u00e1, &#8220;to begin the collection of signatures for the constituent power&#8221;.\n\nOn the other end of the political spectrum, the Colombian right celebrated the &#8220;great victory of democracy and the rule of law&#8221;, as former President Iv\u00e1n Duque, elected in 2018 by the Democratic Center party, founded and led by Uribe, said.\n\nAlso, U.S. Secretary of State Marco Rubio, and three candidates from the Democratic Center for the Colombian Presidency for next year&#8217;s elections: Paloma Valencia, Mar\u00eda Fernanda Cabal and Miguel Uribe Londo\u00f1o, expressed their support for the former president.\n\nFor Cabal, the failure confirms that &#8220;Uribe was a victim of a political strategy designed to silence his leadership and try to destroy his legacy&#8221;, while Valencia celebrated the defense of his &#8220;honor and good name&#8221;, and Uribe Londo\u00f1o described the decision as a &#8220;defeat of lies, hatred and political persecution&#8221;.\n\nUribe, who according to his party plans to be a candidate for the Senate in the legislative elections of March 2026, anticipated -on his social media- that he will offer &#8220;a few words&#8221; tonight.","protected":false},"excerpt":{"rendered":"<p>Bogot\u00e1.- A Colombian court revoked this Tuesday the sentence against former President \u00c1lvaro Uribe V\u00e9lez (2002-2010) and acquitted him of the crimes of bribery in criminal proceedings and procedural fraud for which he had been sentenced in the first instance to twelve years of house arrest. The defense of the right-wing former president, 73 years [&hellip;]<\/p>\n","protected":false},"author":3,"featured_media":479262,"comment_status":"open","ping_status":"open","sticky":false,"template":"","format":"standard","meta":{"_acf_changed":false,"_jetpack_newsletter_access":"","_jetpack_dont_email_post_to_subs":false,"_jetpack_newsletter_tier_id":0,"_jetpack_memberships_contains_paywalled_content":false,"_jetpack_memberships_contains_paid_content":false,"footnotes":"","_members_access_role":[],"_members_access_error":""},"categories":[95],"tags":[],"class_list":["post-487663","post","type-post","status-publish","format-standard","has-post-thumbnail","category-international"],"acf":[],"jetpack_sharing_enabled":true,"jetpack_shortlink":"https:\/\/wp.me\/phj1q1-22Rx","jetpack_featured_media_url":"https:\/\/deultimominuto.com\/en\/wp-content\/uploads\/sites\/2\/2025\/08\/Fiscalia-colombiana-cita-Alvaro-Uribe-por-un-caso-de-calumnia-contra-periodista.jpg","dum_api":{"author_name":"EFE","author_image":"https:\/\/deultimominuto.com\/wp-content\/uploads\/2021\/08\/1200px-EFE_logo.svg-96x96.png","categories_name":["International"],"featured_media_url":"https:\/\/cdn.deultimominuto.com\/en\/wp-content\/uploads\/sites\/2\/2025\/08\/Fiscalia-colombiana-cita-Alvaro-Uribe-por-un-caso-de-calumnia-contra-periodista.jpg"},"_links":{"self":[{"href":"https:\/\/deultimominuto.com\/en\/wp-json\/wp\/v2\/posts\/487663","targetHints":{"allow":["GET"]}}],"collection":[{"href":"https:\/\/deultimominuto.com\/en\/wp-json\/wp\/v2\/posts"}],"about":[{"href":"https:\/\/deultimominuto.com\/en\/wp-json\/wp\/v2\/types\/post"}],"author":[{"embeddable":true,"href":"https:\/\/deultimominuto.com\/en\/wp-json\/wp\/v2\/users\/3"}],"replies":[{"embeddable":true,"href":"https:\/\/deultimominuto.com\/en\/wp-json\/wp\/v2\/comments?post=487663"}],"version-history":[{"count":0,"href":"https:\/\/deultimominuto.com\/en\/wp-json\/wp\/v2\/posts\/487663\/revisions"}],"wp:featuredmedia":[{"embeddable":true,"href":"https:\/\/deultimominuto.com\/en\/wp-json\/wp\/v2\/media\/479262"}],"wp:attachment":[{"href":"https:\/\/deultimominuto.com\/en\/wp-json\/wp\/v2\/media?parent=487663"}],"wp:term":[{"taxonomy":"category","embeddable":true,"href":"https:\/\/deultimominuto.com\/en\/wp-json\/wp\/v2\/categories?post=487663"},{"taxonomy":"post_tag","embeddable":true,"href":"https:\/\/deultimominuto.com\/en\/wp-json\/wp\/v2\/tags?post=487663"}],"curies":[{"name":"wp","href":"https:\/\/api.w.org\/{rel}","templated":true}]}}