{"id":487676,"date":"2025-10-21T20:59:46","date_gmt":"2025-10-22T00:59:46","guid":{"rendered":"https:\/\/deultimominuto.net\/en\/uncategorized\/uribe-celebrates-his-acquittal-and-affirms-that-justice-is-above-politics\/"},"modified":"2025-10-21T20:59:46","modified_gmt":"2025-10-22T00:59:46","slug":"uribe-celebrates-his-acquittal-and-affirms-that-justice-is-above-politics","status":"publish","type":"post","link":"https:\/\/deultimominuto.com\/en\/international\/uribe-celebrates-his-acquittal-and-affirms-that-justice-is-above-politics\/","title":{"rendered":"Uribe celebrates his acquittal and affirms that Justice is &#8220;above politics&#8221;"},"content":{"rendered":"\n<p class=\"wp-block-paragraph\"><strong>Bogot\u00e1.- <\/strong>Former Colombian President \u00c1lvaro Uribe (2002-2010) stated this Tuesday, after being acquitted on appeal by the Superior Court of Bogot\u00e1 of the crimes of procedural fraud and bribery in criminal proceedings, that <strong>&#8220;the majesty of Justice has to be above politics&#8221;.<\/strong><\/p>\n\n\n&#8220;<strong>Today I remembered my professors from the Faculty of Law at the University of Antioquia, who had opposing ideas, opposed to each other, like Carlos Gaviria and N\u00f3dier Agudelo, and yet instilled in the classroom that the majesty of Justice has to be above politics&#8221;<\/strong>, said Uribe in a brief live statement through his YouTube channel.\n\n\n<p class=\"wp-block-paragraph\"><strong>You may be interested in:<\/strong> <a href=\"http:\/\/Justicia colombiana absuelve a \u00c1lvaro Uribe en caso de soborno y fraude\">http:\/\/Justicia colombiana absuelve a \u00c1lvaro Uribe en caso de soborno y fraude<\/a><\/p>\n\n\nThe former president, founder, and leader of the right-wing Democratic Center party, added that he learned from his teachers that one should not judge &#8220;perceptions about the human being&#8221; but rather adhere &#8220;to the comparison between the legal norm and the facts (&#8230;) without being impressed by the judgments of friends or adversaries.&#8221;\n\nUribe, who claimed to have told &#8220;the truth throughout this extensive public life&#8221;, thanked his lawyers, the media &#8220;large and small&#8221; and his supporters &#8220;for their support and prayers&#8221;.\n\nThe former president was sentenced in the first instance on August 1st of this year by Judge Sandra Heredia, of the 44th Criminal Court of Bogota for the crimes that today the Superior Court of Bogota, under the presentation of magistrate Manuel Antonio Merch\u00e1n, annulled, considering that there was not enough direct evidence to sustain the sentence.\n\nThis case against Uribe dates back to 2012 when the former president sued the leftist politician Iv\u00e1n Cepeda before the Supreme Court of Justice for alleged manipulation of witnesses, while the latter was preparing a complaint in Congress against him for alleged links with paramilitary groups.\n\nBut the Court not only decided not to investigate Cepeda but also opened a process against Uribe after finding evidence that he manipulated witnesses to prevent them from linking him to the right-wing paramilitarism that confronted the left-wing guerrillas during the Colombian armed conflict.\n\nCepeda, today a senator and presidential pre-candidate, accredited as a victim in this process, assured after learning of the ruling that he will present an appeal for cassation before the Supreme Court of Justice, the court that will have the last word.\n\nThis absolution paves the way for Uribe&#8217;s return to electoral activity as he will be number 25 on the closed list to the Senate of the Democratic Center for the legislative elections of March 8th of next year.","protected":false},"excerpt":{"rendered":"<p>Bogot\u00e1.- Former Colombian President \u00c1lvaro Uribe (2002-2010) stated this Tuesday, after being acquitted on appeal by the Superior Court of Bogot\u00e1 of the crimes of procedural fraud and bribery in criminal proceedings, that &#8220;the majesty of Justice has to be above politics&#8221;. &#8220;Today I remembered my professors from the Faculty of Law at the University [&hellip;]<\/p>\n","protected":false},"author":3,"featured_media":487677,"comment_status":"open","ping_status":"open","sticky":false,"template":"","format":"standard","meta":{"_acf_changed":false,"_jetpack_newsletter_access":"","_jetpack_dont_email_post_to_subs":false,"_jetpack_newsletter_tier_id":0,"_jetpack_memberships_contains_paywalled_content":false,"_jetpack_memberships_contains_paid_content":false,"footnotes":"","_members_access_role":[],"_members_access_error":""},"categories":[95],"tags":[21854],"class_list":["post-487676","post","type-post","status-publish","format-standard","has-post-thumbnail","category-international","tag-alvaro-uribe"],"acf":[],"jetpack_sharing_enabled":true,"jetpack_shortlink":"https:\/\/wp.me\/phj1q1-22RK","jetpack_featured_media_url":"https:\/\/deultimominuto.com\/en\/wp-content\/uploads\/sites\/2\/2025\/10\/Alvaro-Uribe-Velez.webp","dum_api":{"author_name":"EFE","author_image":"https:\/\/deultimominuto.com\/wp-content\/uploads\/2021\/08\/1200px-EFE_logo.svg-96x96.png","categories_name":["International"],"featured_media_url":"https:\/\/cdn.deultimominuto.com\/en\/wp-content\/uploads\/sites\/2\/2025\/10\/Alvaro-Uribe-Velez.webp"},"_links":{"self":[{"href":"https:\/\/deultimominuto.com\/en\/wp-json\/wp\/v2\/posts\/487676","targetHints":{"allow":["GET"]}}],"collection":[{"href":"https:\/\/deultimominuto.com\/en\/wp-json\/wp\/v2\/posts"}],"about":[{"href":"https:\/\/deultimominuto.com\/en\/wp-json\/wp\/v2\/types\/post"}],"author":[{"embeddable":true,"href":"https:\/\/deultimominuto.com\/en\/wp-json\/wp\/v2\/users\/3"}],"replies":[{"embeddable":true,"href":"https:\/\/deultimominuto.com\/en\/wp-json\/wp\/v2\/comments?post=487676"}],"version-history":[{"count":0,"href":"https:\/\/deultimominuto.com\/en\/wp-json\/wp\/v2\/posts\/487676\/revisions"}],"wp:featuredmedia":[{"embeddable":true,"href":"https:\/\/deultimominuto.com\/en\/wp-json\/wp\/v2\/media\/487677"}],"wp:attachment":[{"href":"https:\/\/deultimominuto.com\/en\/wp-json\/wp\/v2\/media?parent=487676"}],"wp:term":[{"taxonomy":"category","embeddable":true,"href":"https:\/\/deultimominuto.com\/en\/wp-json\/wp\/v2\/categories?post=487676"},{"taxonomy":"post_tag","embeddable":true,"href":"https:\/\/deultimominuto.com\/en\/wp-json\/wp\/v2\/tags?post=487676"}],"curies":[{"name":"wp","href":"https:\/\/api.w.org\/{rel}","templated":true}]}}