{"id":491481,"date":"2025-11-16T18:37:34","date_gmt":"2025-11-16T22:37:34","guid":{"rendered":"https:\/\/deultimominuto.net\/en\/uncategorized\/public-ministry-creates-anti-drug-attorneys-office-to-reinforce-the-fight-against-drug-trafficking\/"},"modified":"2025-11-16T18:37:34","modified_gmt":"2025-11-16T22:37:34","slug":"public-ministry-creates-anti-drug-attorneys-office-to-reinforce-the-fight-against-drug-trafficking","status":"publish","type":"post","link":"https:\/\/deultimominuto.com\/en\/dominican-news\/public-ministry-creates-anti-drug-attorneys-office-to-reinforce-the-fight-against-drug-trafficking\/","title":{"rendered":"Public Ministry creates Anti-Drug Attorney&#8217;s Office to reinforce the fight against drug trafficking"},"content":{"rendered":"\n<p class=\"wp-block-paragraph\"><strong>Santo Domingo.-<\/strong> The Public Ministry announced the creation of the Specialized Prosecutor&#8217;s Office against Illicit Trafficking of Narcotic Drugs, a new body aimed at strengthening the national strategy for the prosecution of drug trafficking in the Dominican Republic. <\/p>\n\n\nThe dependency was approved by the Superior Council of the Public Ministry, at the request of the Attorney General Yeni Berenice Reynoso, with the aim of dismantling criminal structures and attacking their sources of financing through the seizure of illicit assets.\n\n\n<p class=\"wp-block-paragraph\"><strong>You can read: <a href=\"https:\/\/ab.deultimominuto.net\/nacionales\/familiares-reportan-desaparicion\/\" target=\"_blank\" rel=\"noopener\">Family members report the disappearance of Ana Daysi V\u00e1zquez Santos<\/a><\/strong><\/p>\n\n\nAccording to the institution, Deputy Attorney <strong>Sourelly Naihary J\u00e1quez Vialet<\/strong> was appointed as interim head.\n\nThe Public Ministry also highlighted progress in international legal cooperation, especially in extraditions and coordinated actions with countries such as the United States, the Netherlands, Italy, and Spain.\n\nThe decision of the Superior Council is based on article 53 of the Organic Law of the Public Ministry (133-11), which authorizes the creation of specialized procurator&#8217;s offices due to the complexity of cases or institutional priorities. This body is made up of the procurator Reynoso, the deputy procurator Isis Germania de la Cruz Duarte, the court procurator Jos\u00e9 del Carmen Sep\u00falveda, the prosecutor Denny Frey Silvestre Zorrilla and the auditor Merlin Mateo S\u00e1nchez.","protected":false},"excerpt":{"rendered":"<p>Santo Domingo.- The Public Ministry announced the creation of the Specialized Prosecutor&#8217;s Office against Illicit Trafficking of Narcotic Drugs, a new body aimed at strengthening the national strategy for the prosecution of drug trafficking in the Dominican Republic. The dependency was approved by the Superior Council of the Public Ministry, at the request of the [&hellip;]<\/p>\n","protected":false},"author":4,"featured_media":491482,"comment_status":"open","ping_status":"open","sticky":false,"template":"","format":"standard","meta":{"_acf_changed":false,"_jetpack_newsletter_access":"","_jetpack_dont_email_post_to_subs":false,"_jetpack_newsletter_tier_id":0,"_jetpack_memberships_contains_paywalled_content":false,"_jetpack_memberships_contains_paid_content":false,"footnotes":"","_members_access_role":[],"_members_access_error":""},"categories":[40216],"tags":[40231],"class_list":["post-491481","post","type-post","status-publish","format-standard","has-post-thumbnail","category-dominican-news","tag-dominican-republic"],"acf":[],"jetpack_sharing_enabled":true,"jetpack_shortlink":"https:\/\/wp.me\/phj1q1-23R7","jetpack_featured_media_url":"https:\/\/deultimominuto.com\/en\/wp-content\/uploads\/sites\/2\/2025\/11\/LA2A9651-scaled-5.jpg","dum_api":{"author_name":"Redacci\u00f3n De \u00daltimo Minuto","author_image":"https:\/\/deultimominuto.com\/wp-content\/uploads\/2025\/02\/cropped-logo-de-ultimo-minuto-96x96.png","categories_name":["Dominican News"],"featured_media_url":"https:\/\/cdn.deultimominuto.com\/en\/wp-content\/uploads\/sites\/2\/2025\/11\/LA2A9651-scaled-5.jpg"},"_links":{"self":[{"href":"https:\/\/deultimominuto.com\/en\/wp-json\/wp\/v2\/posts\/491481","targetHints":{"allow":["GET"]}}],"collection":[{"href":"https:\/\/deultimominuto.com\/en\/wp-json\/wp\/v2\/posts"}],"about":[{"href":"https:\/\/deultimominuto.com\/en\/wp-json\/wp\/v2\/types\/post"}],"author":[{"embeddable":true,"href":"https:\/\/deultimominuto.com\/en\/wp-json\/wp\/v2\/users\/4"}],"replies":[{"embeddable":true,"href":"https:\/\/deultimominuto.com\/en\/wp-json\/wp\/v2\/comments?post=491481"}],"version-history":[{"count":0,"href":"https:\/\/deultimominuto.com\/en\/wp-json\/wp\/v2\/posts\/491481\/revisions"}],"wp:featuredmedia":[{"embeddable":true,"href":"https:\/\/deultimominuto.com\/en\/wp-json\/wp\/v2\/media\/491482"}],"wp:attachment":[{"href":"https:\/\/deultimominuto.com\/en\/wp-json\/wp\/v2\/media?parent=491481"}],"wp:term":[{"taxonomy":"category","embeddable":true,"href":"https:\/\/deultimominuto.com\/en\/wp-json\/wp\/v2\/categories?post=491481"},{"taxonomy":"post_tag","embeddable":true,"href":"https:\/\/deultimominuto.com\/en\/wp-json\/wp\/v2\/tags?post=491481"}],"curies":[{"name":"wp","href":"https:\/\/api.w.org\/{rel}","templated":true}]}}