{"id":491702,"date":"2025-11-18T13:45:08","date_gmt":"2025-11-18T17:45:08","guid":{"rendered":"https:\/\/deultimominuto.net\/en\/uncategorized\/autozama-museum-and-chavon-the-school-of-design-present-the-exhibition-the-measure-of-the-sensitive\/"},"modified":"2025-11-18T13:45:08","modified_gmt":"2025-11-18T17:45:08","slug":"autozama-museum-and-chavon-the-school-of-design-present-the-exhibition-the-measure-of-the-sensitive","status":"publish","type":"post","link":"https:\/\/deultimominuto.com\/en\/uncategorized\/autozama-museum-and-chavon-the-school-of-design-present-the-exhibition-the-measure-of-the-sensitive\/","title":{"rendered":"Autozama Museum and Chav\u00f3n The School of Design present the exhibition &#8220;The Measure of the Sensitive&#8221;"},"content":{"rendered":"<strong>Santo Domingo. <\/strong>\u2013 The Autozama Museum inaugurated the collective exhibition \u201cThe Measure of the Sensitive,\u201d an artistic proposal curated by Luis Graham Castillo that brings together outstanding graduates of <a href=\"https:\/\/chavon.edu.do\/es\/\" target=\"_blank\" rel=\"noopener\">CHAV\u00d3N <\/a>La Escuela de Dise\u00f1o. The exhibition invites the public to explore the relationship between design, emotion, and materiality from multiple visual languages and creative generations, consolidating the museum as a new meeting point between contemporary art and the history of the automobile in the country.\n\nWith this initiative, Autozama reaffirms its vision of art as a cultural act that transcends function and becomes a vehicle for thought and sensitivity.\n\n&#8220;The Autozama Museum was born with the purpose of preserving Dominican automotive memory, but also of promoting new creative perspectives and connecting with the artistic community. This exhibition is an example of how art can dialogue with history, innovation, and emotion,&#8221; expressed Omar Rojas, Commercial Director of Autozama.\n\n\n<p class=\"wp-block-paragraph\"><strong>You can also read:<\/strong> <a href=\"https:\/\/ab.deultimominuto.net\/entretenimiento\/shadow-blow-batallas-mentales\/\" target=\"_blank\" rel=\"noopener\">Shadow Blow reveals his strong mental battles inside La Casa de Alofoke 2<\/a><\/p>\n\n\nUnder the curatorship of Luis Graham Castillo, &#8220;The Measure of the Sensitive&#8221; proposes a reflection on how perception is traversed by memories, bodies, materials, and historical structures. The exhibited works address themes such as memory and the body, landscape and matter, the architectures of the intimate and the rituals of form, inviting the viewer to stop, observe, and feel.\n\nIn the words of its curator, the exhibition seeks &#8220;a space where the eye becomes permeable, capable of perceiving what was previously out of focus,&#8221; proposing an experience that combines introspection and dialogue with the contemporary environment.\n\nThe exhibition includes works by Adela Dore, Alina Pichardo, Carlos Montesino, Digno Roa, George Heinsen, Koco Toribio, Milena Volonteri, M\u00f3nica Lapaz, Pascal Meccariello, Pedro Troncoso, Sherezade Garc\u00eda, Yessica Montero and Yoel Bordas. The pieces will be available for sale, with a percentage going to the CHAV\u00d3N Student Scholarship Fund, in support of the artistic training of young Dominicans.\n\nCHAV\u00d3N The School of Design and the Autozama Museum enter into a collaboration agreement that will allow the development of joint initiatives to promote art, design, and culture in the Dominican Republic. This agreement reflects the commitment of both institutions to education, creativity, and the dissemination of national and international talent.\n\nThe exhibition will be open to the public at the Autozama Museum, located in the main showroom of Autozama on Winston Churchill Avenue, from November 12 to December 15, 2025. Admission is free during business hours.\n\nThe Autozama Museum: art, technology, and memory\n\nInaugurated in 2025, the Autozama Museum was conceived as a cultural space that preserves the history of the automobile and its influence on Dominican society. Its collection includes emblematic vehicles, historical pieces, and visual elements that narrate how mobility has accompanied the economic, social, and cultural evolution of the country.\n\nBeyond its museum vocation, the space is projected as a cultural laboratory where art, technology, design, and engineering converge, promoting collaborations with academic institutions and fostering aesthetic reflection and interdisciplinary dialogue.\n\nAbout Autozama\n\nWith almost eight decades in the market, Autozama has established itself as a symbol of leadership, innovation, and commitment in the Dominican automotive sector. As an authorized Mercedes Benz dealer, its mission is to offer an experience of luxury, quality, and personalized attention, contributing to the sustainable development of the country.","protected":false},"excerpt":{"rendered":"<p>Santo Domingo. \u2013 The Autozama Museum inaugurated the collective exhibition \u201cThe Measure of the Sensitive,\u201d an artistic proposal curated by Luis Graham Castillo that brings together outstanding graduates of CHAV\u00d3N La Escuela de Dise\u00f1o. The exhibition invites the public to explore the relationship between design, emotion, and materiality from multiple visual languages and creative generations, [&hellip;]<\/p>\n","protected":false},"author":133537,"featured_media":0,"comment_status":"open","ping_status":"open","sticky":false,"template":"","format":"standard","meta":{"_acf_changed":false,"_jetpack_newsletter_access":"","_jetpack_dont_email_post_to_subs":false,"_jetpack_newsletter_tier_id":0,"_jetpack_memberships_contains_paywalled_content":false,"_jetpack_memberships_contains_paid_content":false,"footnotes":"","_members_access_role":[],"_members_access_error":""},"categories":[1],"tags":[],"class_list":["post-491702","post","type-post","status-publish","format-standard","category-uncategorized"],"acf":[],"jetpack_sharing_enabled":true,"jetpack_shortlink":"https:\/\/wp.me\/phj1q1-23UG","jetpack_featured_media_url":"","dum_api":{"author_name":"Paola Castillo","author_image":"https:\/\/deultimominuto.com\/wp-content\/uploads\/2025\/10\/cropped-paola-castillo-f-96x96.jpg","categories_name":["Uncategorized"],"featured_media_url":null},"_links":{"self":[{"href":"https:\/\/deultimominuto.com\/en\/wp-json\/wp\/v2\/posts\/491702","targetHints":{"allow":["GET"]}}],"collection":[{"href":"https:\/\/deultimominuto.com\/en\/wp-json\/wp\/v2\/posts"}],"about":[{"href":"https:\/\/deultimominuto.com\/en\/wp-json\/wp\/v2\/types\/post"}],"author":[{"embeddable":true,"href":"https:\/\/deultimominuto.com\/en\/wp-json\/wp\/v2\/users\/133537"}],"replies":[{"embeddable":true,"href":"https:\/\/deultimominuto.com\/en\/wp-json\/wp\/v2\/comments?post=491702"}],"version-history":[{"count":0,"href":"https:\/\/deultimominuto.com\/en\/wp-json\/wp\/v2\/posts\/491702\/revisions"}],"wp:attachment":[{"href":"https:\/\/deultimominuto.com\/en\/wp-json\/wp\/v2\/media?parent=491702"}],"wp:term":[{"taxonomy":"category","embeddable":true,"href":"https:\/\/deultimominuto.com\/en\/wp-json\/wp\/v2\/categories?post=491702"},{"taxonomy":"post_tag","embeddable":true,"href":"https:\/\/deultimominuto.com\/en\/wp-json\/wp\/v2\/tags?post=491702"}],"curies":[{"name":"wp","href":"https:\/\/api.w.org\/{rel}","templated":true}]}}