{"id":492149,"date":"2025-11-22T17:48:52","date_gmt":"2025-11-22T21:48:52","guid":{"rendered":"https:\/\/deultimominuto.net\/en\/uncategorized\/representative-ramon-raposo-warns-about-crisis-and-low-investment-in-mental-health\/"},"modified":"2025-11-22T17:48:52","modified_gmt":"2025-11-22T21:48:52","slug":"representative-ramon-raposo-warns-about-crisis-and-low-investment-in-mental-health","status":"publish","type":"post","link":"https:\/\/deultimominuto.com\/en\/dominican-news\/representative-ramon-raposo-warns-about-crisis-and-low-investment-in-mental-health\/","title":{"rendered":"Representative Ram\u00f3n Raposo warns about crisis and low investment in mental health"},"content":{"rendered":"\n<p class=\"wp-block-paragraph\"><strong>Santo Domingo, RD. \u2013<\/strong> National deputy <strong>Ram\u00f3n Raposo<\/strong> warned about the serious situation facing mental health in the country and the low budget allocated to a sector he described as deeply sensitive and a priority.<\/p>\n\n\nThe legislator of the <strong>Dominican Revolutionary Party (PRD)<\/strong>, offered these statements during his participation in the program &#8220;El Rumbo de la Ma\u00f1ana&#8221;, hosted by <strong>Jos\u00e9 del Castillo, Virginia Antares, Rafael Paz, Julio Alberto Mart\u00ednez, Ernesto Jim\u00e9nez and Ju Sanz.<\/strong>\n\n\n<p class=\"wp-block-paragraph\"><strong>You may be interested in:<\/strong> <a href=\"https:\/\/ab.deultimominuto.net\/nacionales\/diputados-fp-emplazan\/\" data-type=\"post\" data-id=\"568632\" target=\"_blank\" rel=\"noopener\">FP Deputies urge the Government to apply salary indexation<\/a><\/p>\n\n\nDeputy Raposo detailed that according to specialists at least 20% of the population presents some type of mental illness and at least 300,000 people suffer from schizophrenia, of which only 150,000 are being medicated.\n\nThe legislator analyzed the challenges affecting thousands of Dominican families who depend on specialized psychological and psychiatric care services.\n\nThe deputy warned that the lack of resources allocated to this sector directly affects the functioning of public mental health centers, limits prevention programs, reduces access to specialized therapies, and hinders the hiring of qualified personnel.\n\nHe also indicated that the problem affects not only those who suffer from psychological disorders, but also families, communities, and the country&#8217;s social climate, generating consequences that are reflected in citizen coexistence, violence, productivity, and the emotional stability of young people.\n\nHe reiterated the need for the Dominican State to increase the budget allocated to mental health, strengthen community assistance programs, and create prevention and awareness campaigns throughout the national territory.","protected":false},"excerpt":{"rendered":"<p>Santo Domingo, RD. \u2013 National deputy Ram\u00f3n Raposo warned about the serious situation facing mental health in the country and the low budget allocated to a sector he described as deeply sensitive and a priority. The legislator of the Dominican Revolutionary Party (PRD), offered these statements during his participation in the program &#8220;El Rumbo de [&hellip;]<\/p>\n","protected":false},"author":4,"featured_media":492150,"comment_status":"open","ping_status":"open","sticky":false,"template":"","format":"standard","meta":{"_acf_changed":false,"_jetpack_newsletter_access":"","_jetpack_dont_email_post_to_subs":false,"_jetpack_newsletter_tier_id":0,"_jetpack_memberships_contains_paywalled_content":false,"_jetpack_memberships_contains_paid_content":false,"footnotes":"","_members_access_role":[],"_members_access_error":""},"categories":[40216],"tags":[40471,37787],"class_list":["post-492149","post","type-post","status-publish","format-standard","has-post-thumbnail","category-dominican-news","tag-member-of-parliament","tag-ramon-raposo"],"acf":[],"jetpack_sharing_enabled":true,"jetpack_shortlink":"https:\/\/wp.me\/phj1q1-241T","jetpack_featured_media_url":"https:\/\/deultimominuto.com\/en\/wp-content\/uploads\/sites\/2\/2025\/11\/WhatsApp-Image-2025-11-22-at-5.42.17-PM.jpeg","dum_api":{"author_name":"Redacci\u00f3n De \u00daltimo Minuto","author_image":"https:\/\/deultimominuto.com\/wp-content\/uploads\/2025\/02\/cropped-logo-de-ultimo-minuto-96x96.png","categories_name":["Dominican News"],"featured_media_url":"https:\/\/cdn.deultimominuto.com\/en\/wp-content\/uploads\/sites\/2\/2025\/11\/WhatsApp-Image-2025-11-22-at-5.42.17-PM.jpeg"},"_links":{"self":[{"href":"https:\/\/deultimominuto.com\/en\/wp-json\/wp\/v2\/posts\/492149","targetHints":{"allow":["GET"]}}],"collection":[{"href":"https:\/\/deultimominuto.com\/en\/wp-json\/wp\/v2\/posts"}],"about":[{"href":"https:\/\/deultimominuto.com\/en\/wp-json\/wp\/v2\/types\/post"}],"author":[{"embeddable":true,"href":"https:\/\/deultimominuto.com\/en\/wp-json\/wp\/v2\/users\/4"}],"replies":[{"embeddable":true,"href":"https:\/\/deultimominuto.com\/en\/wp-json\/wp\/v2\/comments?post=492149"}],"version-history":[{"count":0,"href":"https:\/\/deultimominuto.com\/en\/wp-json\/wp\/v2\/posts\/492149\/revisions"}],"wp:featuredmedia":[{"embeddable":true,"href":"https:\/\/deultimominuto.com\/en\/wp-json\/wp\/v2\/media\/492150"}],"wp:attachment":[{"href":"https:\/\/deultimominuto.com\/en\/wp-json\/wp\/v2\/media?parent=492149"}],"wp:term":[{"taxonomy":"category","embeddable":true,"href":"https:\/\/deultimominuto.com\/en\/wp-json\/wp\/v2\/categories?post=492149"},{"taxonomy":"post_tag","embeddable":true,"href":"https:\/\/deultimominuto.com\/en\/wp-json\/wp\/v2\/tags?post=492149"}],"curies":[{"name":"wp","href":"https:\/\/api.w.org\/{rel}","templated":true}]}}