{"id":492158,"date":"2025-11-22T18:49:21","date_gmt":"2025-11-22T22:49:21","guid":{"rendered":"https:\/\/deultimominuto.net\/en\/uncategorized\/residents-of-la-cuaba-deny-construction-of-landfill-and-assure-that-a-recycling-plant-will-be-installed\/"},"modified":"2025-11-22T18:49:21","modified_gmt":"2025-11-22T22:49:21","slug":"residents-of-la-cuaba-deny-construction-of-landfill-and-assure-that-a-recycling-plant-will-be-installed","status":"publish","type":"post","link":"https:\/\/deultimominuto.com\/en\/dominican-news\/residents-of-la-cuaba-deny-construction-of-landfill-and-assure-that-a-recycling-plant-will-be-installed\/","title":{"rendered":"Residents of La Cuaba deny construction of landfill and assure that a recycling plant will be installed"},"content":{"rendered":"Community members and representatives from dozens of neighborhood councils in the <strong>La Cuaba Municipal District<\/strong> denied this Saturday that a landfill is being built in that area, as claimed by sectors that, according to them, respond to particular interests financed by businessmen.\n\nSocial organizations stated that the project to be developed corresponds to <strong>a recycling plant<\/strong>, which they support because \u2014according to environmental studies\u2014 <strong>it poses no risk to the community or the environment<\/strong>.\n\n\n<p class=\"wp-block-paragraph\"><strong>You may be interested in<\/strong>: <a href=\"https:\/\/ab.deultimominuto.net\/nacionales\/vertedero-improvisado-pantoja\/\" data-type=\"post\" data-id=\"440165\" target=\"_blank\" rel=\"noopener\">Makeshift landfills, pests and bad smell invade Pantoja<\/a><\/p>\n\n\nJos\u00e9 de los Santos, president of the Hoja Ancha Neighborhood Council; Rey Alc\u00e1ntara, president of the Parents and Mothers Association of Los Jobo; Jenifer Pi\u00f1a, from Sabana Mina; among other community leaders, highlighted that the community <strong>\u201cwants progress\u201d<\/strong> and that development must be allowed.\n\nThey indicated that the plant will generate <strong>new job opportunities<\/strong>, especially for the young people in the area.\n\nThe community members reiterated that they trust the project will bring direct benefits to La Cuaba and asked not to be confused by information they described as <strong>&#8220;malicious campaigns.&#8221;<\/strong>","protected":false},"excerpt":{"rendered":"<p>Community members and representatives from dozens of neighborhood councils in the La Cuaba Municipal District denied this Saturday that a landfill is being built in that area, as claimed by sectors that, according to them, respond to particular interests financed by businessmen. Social organizations stated that the project to be developed corresponds to a recycling [&hellip;]<\/p>\n","protected":false},"author":4,"featured_media":492159,"comment_status":"open","ping_status":"open","sticky":false,"template":"","format":"standard","meta":{"_acf_changed":false,"_jetpack_newsletter_access":"","_jetpack_dont_email_post_to_subs":false,"_jetpack_newsletter_tier_id":0,"_jetpack_memberships_contains_paywalled_content":false,"_jetpack_memberships_contains_paid_content":false,"footnotes":"","_members_access_role":[],"_members_access_error":""},"categories":[40216],"tags":[42752],"class_list":["post-492158","post","type-post","status-publish","format-standard","has-post-thumbnail","category-dominican-news","tag-landfill"],"acf":[],"jetpack_sharing_enabled":true,"jetpack_shortlink":"https:\/\/wp.me\/phj1q1-2422","jetpack_featured_media_url":"https:\/\/deultimominuto.com\/en\/wp-content\/uploads\/sites\/2\/2025\/11\/WhatsApp-Image-2025-11-22-at-6.34.05-PM.jpeg","dum_api":{"author_name":"Redacci\u00f3n De \u00daltimo Minuto","author_image":"https:\/\/deultimominuto.com\/wp-content\/uploads\/2025\/02\/cropped-logo-de-ultimo-minuto-96x96.png","categories_name":["Dominican News"],"featured_media_url":"https:\/\/cdn.deultimominuto.com\/en\/wp-content\/uploads\/sites\/2\/2025\/11\/WhatsApp-Image-2025-11-22-at-6.34.05-PM.jpeg"},"_links":{"self":[{"href":"https:\/\/deultimominuto.com\/en\/wp-json\/wp\/v2\/posts\/492158","targetHints":{"allow":["GET"]}}],"collection":[{"href":"https:\/\/deultimominuto.com\/en\/wp-json\/wp\/v2\/posts"}],"about":[{"href":"https:\/\/deultimominuto.com\/en\/wp-json\/wp\/v2\/types\/post"}],"author":[{"embeddable":true,"href":"https:\/\/deultimominuto.com\/en\/wp-json\/wp\/v2\/users\/4"}],"replies":[{"embeddable":true,"href":"https:\/\/deultimominuto.com\/en\/wp-json\/wp\/v2\/comments?post=492158"}],"version-history":[{"count":0,"href":"https:\/\/deultimominuto.com\/en\/wp-json\/wp\/v2\/posts\/492158\/revisions"}],"wp:featuredmedia":[{"embeddable":true,"href":"https:\/\/deultimominuto.com\/en\/wp-json\/wp\/v2\/media\/492159"}],"wp:attachment":[{"href":"https:\/\/deultimominuto.com\/en\/wp-json\/wp\/v2\/media?parent=492158"}],"wp:term":[{"taxonomy":"category","embeddable":true,"href":"https:\/\/deultimominuto.com\/en\/wp-json\/wp\/v2\/categories?post=492158"},{"taxonomy":"post_tag","embeddable":true,"href":"https:\/\/deultimominuto.com\/en\/wp-json\/wp\/v2\/tags?post=492158"}],"curies":[{"name":"wp","href":"https:\/\/api.w.org\/{rel}","templated":true}]}}