{"id":492347,"date":"2025-11-24T19:07:41","date_gmt":"2025-11-24T23:07:41","guid":{"rendered":"https:\/\/deultimominuto.net\/en\/uncategorized\/el-gordo-sentenced-to-30-years-in-prison-for-the-death-of-a-young-man-in-los-aguayos\/"},"modified":"2025-11-24T19:07:41","modified_gmt":"2025-11-24T23:07:41","slug":"el-gordo-sentenced-to-30-years-in-prison-for-the-death-of-a-young-man-in-los-aguayos","status":"publish","type":"post","link":"https:\/\/deultimominuto.com\/en\/dominican-news\/justice\/el-gordo-sentenced-to-30-years-in-prison-for-the-death-of-a-young-man-in-los-aguayos\/","title":{"rendered":"\u201cEl Gordo\u201d sentenced to 30 years in prison for the death of a young man in Los Aguayos"},"content":{"rendered":"<strong>San Francisco de Macor\u00eds.<\/strong> \u2013 A court in Duarte Province sentenced <strong>Fernando Anselmo Mart\u00ednez Alc\u00e1ntara<\/strong>, alias <em>El Gordo<\/em>, to 30 years in prison after being found guilty of the homicide of <strong>N\u00e9stor Javier Rodr\u00edguez<\/strong>, which occurred in December 2024 in the Los Aguayos sector.\n\nThe sentence establishes that Mart\u00ednez Alc\u00e1ntara violated articles <strong>265, 266, 295, 296, 297 and 302<\/strong> of the Dominican Penal Code, related to criminal association and voluntary homicide. The convicted person must serve the sentence in the <strong>Vista del Valle Correction and Rehabilitation Center<\/strong>.\n\n\n<p class=\"wp-block-paragraph\"><strong>You may be interested in:<\/strong> <a href=\"https:\/\/ab.deultimominuto.net\/wp-content\/uploads\/2025\/06\/david-de-los-santos-2-96917e55-focus-0.18-0.52-375-240.jpg\" data-type=\"attachment\" data-id=\"495409\" target=\"_blank\" rel=\"noopener\">5 defendants sentenced for the death of David de los Santos<\/a><\/p>\n\n\nAfter the verdict was announced, <strong>Mar\u00eda Virgen Jos\u00e9 Goris<\/strong>, the victim&#8217;s mother, stated that the decision gives her &#8220;a little peace&#8221; after months of waiting for justice. She thanked God, the court, and her family for the support received during the process.\n\nGoris highlighted that this is only the first of several files related to the case and stated that the family expects the same determination from the authorities regarding the other people involved.\n\n\n<p class=\"wp-block-paragraph\"><strong>By: Niuman Mercedes<\/strong><\/p>\n","protected":false},"excerpt":{"rendered":"<p>San Francisco de Macor\u00eds. \u2013 A court in Duarte Province sentenced Fernando Anselmo Mart\u00ednez Alc\u00e1ntara, alias El Gordo, to 30 years in prison after being found guilty of the homicide of N\u00e9stor Javier Rodr\u00edguez, which occurred in December 2024 in the Los Aguayos sector. The sentence establishes that Mart\u00ednez Alc\u00e1ntara violated articles 265, 266, 295, [&hellip;]<\/p>\n","protected":false},"author":4,"featured_media":492348,"comment_status":"open","ping_status":"open","sticky":false,"template":"","format":"standard","meta":{"_acf_changed":false,"_jetpack_newsletter_access":"","_jetpack_dont_email_post_to_subs":false,"_jetpack_newsletter_tier_id":0,"_jetpack_memberships_contains_paywalled_content":false,"_jetpack_memberships_contains_paid_content":false,"footnotes":"","_members_access_role":[],"_members_access_error":""},"categories":[36952],"tags":[41299],"class_list":["post-492347","post","type-post","status-publish","format-standard","has-post-thumbnail","category-justice","tag-they-condemn"],"acf":[],"jetpack_sharing_enabled":true,"jetpack_shortlink":"https:\/\/wp.me\/phj1q1-2455","jetpack_featured_media_url":"https:\/\/deultimominuto.com\/en\/wp-content\/uploads\/sites\/2\/2025\/11\/WhatsApp-Image-2025-11-24-at-6.39.33-PM.jpeg","dum_api":{"author_name":"Redacci\u00f3n De \u00daltimo Minuto","author_image":"https:\/\/deultimominuto.com\/wp-content\/uploads\/2025\/02\/cropped-logo-de-ultimo-minuto-96x96.png","categories_name":["Justice"],"featured_media_url":"https:\/\/cdn.deultimominuto.com\/en\/wp-content\/uploads\/sites\/2\/2025\/11\/WhatsApp-Image-2025-11-24-at-6.39.33-PM.jpeg"},"_links":{"self":[{"href":"https:\/\/deultimominuto.com\/en\/wp-json\/wp\/v2\/posts\/492347","targetHints":{"allow":["GET"]}}],"collection":[{"href":"https:\/\/deultimominuto.com\/en\/wp-json\/wp\/v2\/posts"}],"about":[{"href":"https:\/\/deultimominuto.com\/en\/wp-json\/wp\/v2\/types\/post"}],"author":[{"embeddable":true,"href":"https:\/\/deultimominuto.com\/en\/wp-json\/wp\/v2\/users\/4"}],"replies":[{"embeddable":true,"href":"https:\/\/deultimominuto.com\/en\/wp-json\/wp\/v2\/comments?post=492347"}],"version-history":[{"count":0,"href":"https:\/\/deultimominuto.com\/en\/wp-json\/wp\/v2\/posts\/492347\/revisions"}],"wp:featuredmedia":[{"embeddable":true,"href":"https:\/\/deultimominuto.com\/en\/wp-json\/wp\/v2\/media\/492348"}],"wp:attachment":[{"href":"https:\/\/deultimominuto.com\/en\/wp-json\/wp\/v2\/media?parent=492347"}],"wp:term":[{"taxonomy":"category","embeddable":true,"href":"https:\/\/deultimominuto.com\/en\/wp-json\/wp\/v2\/categories?post=492347"},{"taxonomy":"post_tag","embeddable":true,"href":"https:\/\/deultimominuto.com\/en\/wp-json\/wp\/v2\/tags?post=492347"}],"curies":[{"name":"wp","href":"https:\/\/api.w.org\/{rel}","templated":true}]}}