{"id":492434,"date":"2025-11-25T15:14:30","date_gmt":"2025-11-25T19:14:30","guid":{"rendered":"https:\/\/deultimominuto.net\/en\/uncategorized\/monte-plata-city-hall-accused-of-illegally-renting-private-property\/"},"modified":"2025-11-25T15:14:30","modified_gmt":"2025-11-25T19:14:30","slug":"monte-plata-city-hall-accused-of-illegally-renting-private-property","status":"publish","type":"post","link":"https:\/\/deultimominuto.com\/en\/dominican-news\/monte-plata-city-hall-accused-of-illegally-renting-private-property\/","title":{"rendered":"Monte Plata City Hall Accused of Illegally Renting Private Property"},"content":{"rendered":"\n<p class=\"wp-block-paragraph\"><strong>Monte Plata, D.R.\u2013<\/strong> The Law Office of Dr. \u00c1ngel Contreras, representing Mr. <strong>Aurelio Winston Contreras Jorge<\/strong>, filed a civil lawsuit for damages with the Land Court for <strong>RD$20 million<\/strong> against the City Council of Monte Plata and Mr. <strong>Jos\u00e9 Manuel Mateo Contreras<\/strong>.<\/p>\n\n\nThe lawsuit arises after the signing of a lease agreement dated <strong>September 25<\/strong>, through which the City Council, represented by Ing. <strong>H\u00e9ctor Figaris<\/strong>, ceded the use of <strong>46.07 tareas of land<\/strong>, receiving in return a tax payment of just <strong>RD$12 per tarea per year<\/strong>.\n\n\n<p class=\"wp-block-paragraph\"><strong>You may be interested in:<\/strong> <a href=\"https:\/\/ab.deultimominuto.net\/tag\/alcalde-de-cotui\/\" data-type=\"post_tag\" data-id=\"22839\" target=\"_blank\" rel=\"noopener\">Mayor of Cotu\u00ed<\/a><\/p>\n\n\nAccording to the plaintiff, said contract directly affects the private property of Aurelio Contreras, protected by <strong>Certificate of Title Registration No. 3000717200<\/strong>, issued by the Registry of Titles of Monte Plata. For this reason, the court is requested to declare <strong>the absolute nullity<\/strong> of the agreement signed by the City Hall.\n\nDr. Contreras maintains that the contract lacks legal validity for three fundamental reasons:\n\n\n<ol class=\"wp-block-list\">\n<li><strong>Lack of quality of the lessor<\/strong>, as the City Council is not the legitimate owner of the land.<\/li>\n\n\n\n<li><strong>Lack of a certain object<\/strong>, because the contract does not define a legal or clearly determined object.<\/li>\n\n\n\n<li><strong>Absence of a lawful cause<\/strong>, since the lessee does not possess any valid possessory right. The land, he assures, has remained occupied for <strong>27 years<\/strong>, since 1992, by three successive owners: Agust\u00edn Mart\u00ednez, Santa Orqu\u00eddea Brea and Aurelio Contreras.<\/li>\n<\/ol>\n\n\nThe lawsuit also seeks to condemn the City Council to pay <strong>RD$20 million<\/strong> for moral and material damages, as well as the costs and legal fees of the process.\n\nThe legal office claims that the actions of the City Council constitute an alleged <strong>conspiracy to deprive a citizen of their property<\/strong>, in violation of the Dominican Constitution, Law 108-05 on Real Estate Registration, and the Civil Code.\n\n\n<blockquote class=\"wp-block-quote is-layout-flow wp-block-quote-is-layout-flow\">\n<p class=\"wp-block-paragraph\">&#8220;Legal certainty cannot rest on authorities that act outside the law. We trust that the Judiciary will restore property rights and justice in this case,&#8221; said Dr. Contreras.<\/p>\n<\/blockquote>\n","protected":false},"excerpt":{"rendered":"<p>Monte Plata, D.R.\u2013 The Law Office of Dr. \u00c1ngel Contreras, representing Mr. Aurelio Winston Contreras Jorge, filed a civil lawsuit for damages with the Land Court for RD$20 million against the City Council of Monte Plata and Mr. Jos\u00e9 Manuel Mateo Contreras. The lawsuit arises after the signing of a lease agreement dated September 25, [&hellip;]<\/p>\n","protected":false},"author":4,"featured_media":492435,"comment_status":"open","ping_status":"open","sticky":false,"template":"","format":"standard","meta":{"_acf_changed":false,"_jetpack_newsletter_access":"","_jetpack_dont_email_post_to_subs":false,"_jetpack_newsletter_tier_id":0,"_jetpack_memberships_contains_paywalled_content":false,"_jetpack_memberships_contains_paid_content":false,"footnotes":"","_members_access_role":[],"_members_access_error":""},"categories":[40216],"tags":[41201],"class_list":["post-492434","post","type-post","status-publish","format-standard","has-post-thumbnail","category-dominican-news","tag-city-hall"],"acf":[],"jetpack_sharing_enabled":true,"jetpack_shortlink":"https:\/\/wp.me\/phj1q1-246u","jetpack_featured_media_url":"https:\/\/deultimominuto.com\/en\/wp-content\/uploads\/sites\/2\/2025\/11\/WhatsApp-Image-2025-11-25-at-2.35.04-PM.jpeg","dum_api":{"author_name":"Redacci\u00f3n De \u00daltimo Minuto","author_image":"https:\/\/deultimominuto.com\/wp-content\/uploads\/2025\/02\/cropped-logo-de-ultimo-minuto-96x96.png","categories_name":["Dominican News"],"featured_media_url":"https:\/\/cdn.deultimominuto.com\/en\/wp-content\/uploads\/sites\/2\/2025\/11\/WhatsApp-Image-2025-11-25-at-2.35.04-PM.jpeg"},"_links":{"self":[{"href":"https:\/\/deultimominuto.com\/en\/wp-json\/wp\/v2\/posts\/492434","targetHints":{"allow":["GET"]}}],"collection":[{"href":"https:\/\/deultimominuto.com\/en\/wp-json\/wp\/v2\/posts"}],"about":[{"href":"https:\/\/deultimominuto.com\/en\/wp-json\/wp\/v2\/types\/post"}],"author":[{"embeddable":true,"href":"https:\/\/deultimominuto.com\/en\/wp-json\/wp\/v2\/users\/4"}],"replies":[{"embeddable":true,"href":"https:\/\/deultimominuto.com\/en\/wp-json\/wp\/v2\/comments?post=492434"}],"version-history":[{"count":0,"href":"https:\/\/deultimominuto.com\/en\/wp-json\/wp\/v2\/posts\/492434\/revisions"}],"wp:featuredmedia":[{"embeddable":true,"href":"https:\/\/deultimominuto.com\/en\/wp-json\/wp\/v2\/media\/492435"}],"wp:attachment":[{"href":"https:\/\/deultimominuto.com\/en\/wp-json\/wp\/v2\/media?parent=492434"}],"wp:term":[{"taxonomy":"category","embeddable":true,"href":"https:\/\/deultimominuto.com\/en\/wp-json\/wp\/v2\/categories?post=492434"},{"taxonomy":"post_tag","embeddable":true,"href":"https:\/\/deultimominuto.com\/en\/wp-json\/wp\/v2\/tags?post=492434"}],"curies":[{"name":"wp","href":"https:\/\/api.w.org\/{rel}","templated":true}]}}