{"id":492609,"date":"2025-11-26T19:06:42","date_gmt":"2025-11-26T23:06:42","guid":{"rendered":"https:\/\/deultimominuto.net\/en\/uncategorized\/chaotic-farewell-to-flamengo-sparks-riots-at-rio-airport\/"},"modified":"2025-11-26T19:06:42","modified_gmt":"2025-11-26T23:06:42","slug":"chaotic-farewell-to-flamengo-sparks-riots-at-rio-airport","status":"publish","type":"post","link":"https:\/\/deultimominuto.com\/en\/sports\/football\/chaotic-farewell-to-flamengo-sparks-riots-at-rio-airport\/","title":{"rendered":"Chaotic farewell to Flamengo sparks riots at Rio airport"},"content":{"rendered":"\n<p class=\"wp-block-paragraph\"><\/p>\n\n\n\n<h2 class=\"wp-block-heading\"><\/h2>\n\n\nRIO DE JANEIRO. \u2013 What began as a massive and festive farewell to the Flamengo delegation heading to the Copa Libertadores final ended this Wednesday in chaos and tension, after thousands of fans caused disturbances at Rio de Janeiro International Airport.\n\n\n<p class=\"wp-block-paragraph\"><strong>You may be interested in<\/strong><a href=\"https:\/\/ab.deultimominuto.net\/deportes\/futbol\/dura-jornada-para-clubes-espanoles-en-la-champions-derrotas-de-barca-y-villarreal-y-empate-del-athletic\/\" target=\"_blank\" rel=\"noopener\">Tough day for Spanish clubs in the Champions League: defeats for Barca and Villarreal and draw for Athletic<\/a><\/p>\n\n\nThe so-called <strong>\u201cAeroFla\u201d<\/strong>, known for gathering crowds whenever the team travels to decisive matches, was this time the scene of clashes between fans and the Military Police, who resorted to tear gas, rubber bullets, and stun grenades to control the situation.\n\n\n<h3 class=\"wp-block-heading\"><strong>Journey turned into an overflowing caravan<\/strong><\/h3>\n\n\nThe concentrations began early at the <strong>Ninho do Urubu<\/strong>, where the players boarded the buses to the airport. The caravan, followed by motorcyclists and motorists, advanced amidst chants, horns, and flags, fueled by the recent 1-1 draw against Atl\u00e9tico Mineiro, a result that left the club close to the Brasileir\u00e3o title.\n\nIn the midst of security failures, several fans climbed onto the roof of the buses and even managed to enter one of them, according to images spread by players on social media.<br>\u201c<strong>My God, what madness!<\/strong>\u201d, wrote the Spaniard Sa\u00fal \u00d1\u00edguez, describing the moments of bewilderment in the middle of the journey.\n\nThe vehicles, hit in several places, arrived with dents and a broken window.\n\n\n<h3 class=\"wp-block-heading\"><strong>Clashes upon arrival at the airport<\/strong><\/h3>\n\n\nThe most critical point occurred at the entrances to the airport&#8217;s Cargo Terminal, blocked exclusively for the delegation. When the police tried to prevent the advance of the crowd, a stampede occurred that left injuries and forced several fans to escape running while the forces of order dispersed the area.\n\n\n<h3 class=\"wp-block-heading\"><strong>Flamengo travels with doubts and historical aspirations<\/strong><\/h3>\n\n\nThe team departed for Lima, where they will play the Libertadores final against Palmeiras on Saturday, with the opportunity to become the first Brazilian club to reach <strong>four continental titles<\/strong>.\n\nAmong the travelers are Pedro and L\u00e9o Ortiz, still recovering, while Danilo and Bruno Henrique are emerging as options for Filipe Lu\u00eds&#8217;s starting eleven. Ecuadorian Gonzalo Plata also traveled, although he will not be able to play due to suspension.\n\nThe team&#8217;s arrival in Lima is scheduled for 17:00 Brazilian time (20:00 GMT)","protected":false},"excerpt":{"rendered":"<p>RIO DE JANEIRO. \u2013 What began as a massive and festive farewell to the Flamengo delegation heading to the Copa Libertadores final ended this Wednesday in chaos and tension, after thousands of fans caused disturbances at Rio de Janeiro International Airport. You may be interested inTough day for Spanish clubs in the Champions League: defeats [&hellip;]<\/p>\n","protected":false},"author":3,"featured_media":492610,"comment_status":"open","ping_status":"open","sticky":false,"template":"","format":"standard","meta":{"_acf_changed":false,"_jetpack_newsletter_access":"","_jetpack_dont_email_post_to_subs":false,"_jetpack_newsletter_tier_id":0,"_jetpack_memberships_contains_paywalled_content":false,"_jetpack_memberships_contains_paid_content":false,"footnotes":"","_members_access_role":[],"_members_access_error":""},"categories":[40943],"tags":[611,40231,40853],"class_list":["post-492609","post","type-post","status-publish","format-standard","has-post-thumbnail","category-football","tag-deultimominuto","tag-dominican-republic","tag-thetruthnewspaper"],"acf":[],"jetpack_sharing_enabled":true,"jetpack_shortlink":"https:\/\/wp.me\/phj1q1-249j","jetpack_featured_media_url":"https:\/\/deultimominuto.com\/en\/wp-content\/uploads\/sites\/2\/2025\/11\/Portada-26.jpeg","dum_api":{"author_name":"EFE","author_image":"https:\/\/deultimominuto.com\/wp-content\/uploads\/2021\/08\/1200px-EFE_logo.svg-96x96.png","categories_name":["Football"],"featured_media_url":"https:\/\/cdn.deultimominuto.com\/en\/wp-content\/uploads\/sites\/2\/2025\/11\/Portada-26.jpeg"},"_links":{"self":[{"href":"https:\/\/deultimominuto.com\/en\/wp-json\/wp\/v2\/posts\/492609","targetHints":{"allow":["GET"]}}],"collection":[{"href":"https:\/\/deultimominuto.com\/en\/wp-json\/wp\/v2\/posts"}],"about":[{"href":"https:\/\/deultimominuto.com\/en\/wp-json\/wp\/v2\/types\/post"}],"author":[{"embeddable":true,"href":"https:\/\/deultimominuto.com\/en\/wp-json\/wp\/v2\/users\/3"}],"replies":[{"embeddable":true,"href":"https:\/\/deultimominuto.com\/en\/wp-json\/wp\/v2\/comments?post=492609"}],"version-history":[{"count":0,"href":"https:\/\/deultimominuto.com\/en\/wp-json\/wp\/v2\/posts\/492609\/revisions"}],"wp:featuredmedia":[{"embeddable":true,"href":"https:\/\/deultimominuto.com\/en\/wp-json\/wp\/v2\/media\/492610"}],"wp:attachment":[{"href":"https:\/\/deultimominuto.com\/en\/wp-json\/wp\/v2\/media?parent=492609"}],"wp:term":[{"taxonomy":"category","embeddable":true,"href":"https:\/\/deultimominuto.com\/en\/wp-json\/wp\/v2\/categories?post=492609"},{"taxonomy":"post_tag","embeddable":true,"href":"https:\/\/deultimominuto.com\/en\/wp-json\/wp\/v2\/tags?post=492609"}],"curies":[{"name":"wp","href":"https:\/\/api.w.org\/{rel}","templated":true}]}}