{"id":492690,"date":"2025-11-27T13:44:34","date_gmt":"2025-11-27T17:44:34","guid":{"rendered":"https:\/\/deultimominuto.net\/en\/uncategorized\/che-garcia-defines-his-12-and-the-selection-heads-to-mexico-for-the-first-world-cup-window\/"},"modified":"2025-11-27T13:44:34","modified_gmt":"2025-11-27T17:44:34","slug":"che-garcia-defines-his-12-and-the-selection-heads-to-mexico-for-the-first-world-cup-window","status":"publish","type":"post","link":"https:\/\/deultimominuto.com\/en\/sports\/baseball\/che-garcia-defines-his-12-and-the-selection-heads-to-mexico-for-the-first-world-cup-window\/","title":{"rendered":"Ch\u00e9 Garc\u00eda defines his 12 and the Selection heads to Mexico for the First World Cup Window"},"content":{"rendered":"\n<p class=\"wp-block-paragraph\"><\/p>\n\n\n\n<h1 class=\"wp-block-heading\"><\/h1>\n\n\n<strong>SANTO DOMINGO.<\/strong> \u2013 The Dominican Republic Senior Men&#8217;s Basketball Team departed this Monday for Zacatecas, Mexico, with the group of 12 players chosen by coach <strong>N\u00e9stor \u201cCh\u00e9\u201d Garc\u00eda<\/strong> to compete in the First Qualifying Window towards the <strong>2027 Qatar World Cup<\/strong>. The team will face Mexico this Friday, November 28th at 8:10 p.m. (local time).\n\n\n<p class=\"wp-block-paragraph\"><strong>You may be interested in:<\/strong><a href=\"https:\/\/ab.deultimominuto.net\/deportes\/baloncesto\/buitres-y-lobos-ganan-en-vibrante-jornada-del-miercoles-en-el-torneo-de-baloncesto-superior-de-san-cristobal\/\" target=\"_blank\" rel=\"noopener\"> Vultures and Wolves win in a vibrant Wednesday of the Superior Basketball Tournament of San Crist\u00f3bal<\/a><\/p>\n\n\nThe Quisqueyan team will establish its training base in Zacatecas in the days leading up to the commitment to be held at the <strong>Marcelino Gonz\u00e1lez Gymnasium<\/strong>, where they will seek to start the World Cup journey on the right foot.\n\n\n<figure class=\"wp-block-image size-large\"><img decoding=\"async\" src=\"https:\/\/ab.deultimominuto.net\/wp-content\/uploads\/2025\/11\/Sin-titulo-819x1024.jpg\" alt=\"\" class=\"wp-image-573178\" title=\"\"><\/figure>\n\n\n\n<hr class=\"wp-block-separator has-alpha-channel-opacity\" \/>\n\n\n\n<h2 class=\"wp-block-heading\"><strong>Ch\u00e9 Garc\u00eda defines the 12 players called up<\/strong><\/h2>\n\n\nThe Argentinian coach announced the official list composed of a combination of experience, youth, and physical strength. The selected players are:\n\n\n<p class=\"wp-block-paragraph\"><strong>Shipowners:<\/strong><\/p>\n\n\n\n<ul class=\"wp-block-list\">\n<li>Andr\u00e9s Feliz<\/li>\n\n\n\n<li>Jean Montero<\/li>\n\n\n\n<li>Richard Bautista<\/li>\n<\/ul>\n\n\n\n<p class=\"wp-block-paragraph\"><strong>Guards:<\/strong><\/p>\n\n\n\n<ul class=\"wp-block-list\">\n<li>Jassel P\u00e9rez<\/li>\n\n\n\n<li>Omar Silverio<\/li>\n<\/ul>\n\n\n\n<p class=\"wp-block-paragraph\"><strong>Eaves:<\/strong><\/p>\n\n\n\n<ul class=\"wp-block-list\">\n<li>Chris Duarte<\/li>\n\n\n\n<li>LJ Figueroa<\/li>\n<\/ul>\n\n\n\n<p class=\"wp-block-paragraph\"><strong>Wing-forwards:<\/strong><\/p>\n\n\n\n<ul class=\"wp-block-list\">\n<li>Juan Guerrero<\/li>\n\n\n\n<li>Anderson Garc\u00eda<\/li>\n<\/ul>\n\n\n\n<p class=\"wp-block-paragraph\"><strong>Centers:<\/strong><\/p>\n\n\n\n<ul class=\"wp-block-list\">\n<li>\u00c1ngel N\u00fa\u00f1ez<\/li>\n\n\n\n<li>Joel Soriano<\/li>\n\n\n\n<li>Jonathan Ara\u00fajo<\/li>\n<\/ul>\n\n\n\n<hr class=\"wp-block-separator has-alpha-channel-opacity\" \/>\n\n\n\n<h2 class=\"wp-block-heading\"><strong>Technical Body and Delegation<\/strong><\/h2>\n\n\nGarc\u00eda will be accompanied by assistants <strong>David D\u00edaz<\/strong>, <strong>Abraham Disla<\/strong> and the Argentinian <strong>Sergio Jim\u00e9nez<\/strong>.<br>The team&#8217;s administrative structure is headed by:\n\n\n<ul class=\"wp-block-list\">\n<li><strong>Junior P\u00e1ez (Jipy)<\/strong> \u2013 General Manager and Vice President of Fedombal<\/li>\n\n\n\n<li><strong>Carlos De Le\u00f3n<\/strong> \u2013 Director of Operations<\/li>\n\n\n\n<li><strong>Adenhaweer D\u00edaz (Rilling)<\/strong> \u2013 Kinesiologist<\/li>\n\n\n\n<li><strong>Dr. Gewill Acosta<\/strong> \u2013 Team Doctor<\/li>\n\n\n\n<li><strong>Malvin Zamora<\/strong> \u2013 Physiotherapist<\/li>\n\n\n\n<li><strong>Jean Carlos P\u00e9rez<\/strong> \u2013 Fitness Coach<\/li>\n<\/ul>\n\n\n\n<hr class=\"wp-block-separator has-alpha-channel-opacity\" \/>\n\n\n\n<h2 class=\"wp-block-heading\"><strong>Goal: Fourth consecutive World Cup<\/strong><\/h2>\n\n\nDominican Republic has <strong>four World Cup appearances<\/strong>: Philippines 1978, Spain 2014, China 2019 and the 2023 edition held in Indonesia, Japan and the Philippines. If they qualify for Qatar 2027, it would be the <strong>fourth consecutive<\/strong> and the fifth in the country&#8217;s history.\n\n\n<hr class=\"wp-block-separator has-alpha-channel-opacity\" \/>\n\n\n\n<h2 class=\"wp-block-heading\"><strong>Calendar and Group Structure<\/strong><\/h2>\n\n\nThe game on Friday is scheduled for <strong>8:40 p.m. in Mexico<\/strong> (10:40 p.m. in Santo Domingo).<br>The second day of this window will be in Dominican territory on <strong>Monday, December 1<\/strong>, at the <strong>Palacio del Voleibol Ricardo Gioriber Arias<\/strong>, Juan Pablo Duarte Olympic Center.\n\nThe selection is part of <strong>Group A<\/strong>, along with <strong>United States, Mexico and Nicaragua<\/strong>, with seven places available for The Americas towards Qatar 2027.\n\nIn future windows, Dominicans will receive the United States on <strong>Friday, July 3, 2026<\/strong>, in the renovated <strong>Palacio de los Deportes Virgilio Travieso Soto<\/strong>.\n\n\n<hr class=\"wp-block-separator has-alpha-channel-opacity\" \/>\n\n\n\n<h2 class=\"wp-block-heading\"><strong>Other groups<\/strong><\/h2>\n\n\n\n<ul class=\"wp-block-list\">\n<li><strong>Group B:<\/strong> Puerto Rico, Canada, Bahamas, and Jamaica<\/li>\n\n\n\n<li><strong>Group C:<\/strong> Brazil, Venezuela, Colombia, and Chile<\/li>\n\n\n\n<li><strong>Group D:<\/strong> Argentina, Uruguay, Panama, and Cuba<\/li>\n<\/ul>\n\n\n\n<h3 class=\"wp-block-heading\"><\/h3>\n","protected":false},"excerpt":{"rendered":"<p>SANTO DOMINGO. \u2013 The Dominican Republic Senior Men&#8217;s Basketball Team departed this Monday for Zacatecas, Mexico, with the group of 12 players chosen by coach N\u00e9stor \u201cCh\u00e9\u201d Garc\u00eda to compete in the First Qualifying Window towards the 2027 Qatar World Cup. The team will face Mexico this Friday, November 28th at 8:10 p.m. (local time). [&hellip;]<\/p>\n","protected":false},"author":972,"featured_media":492691,"comment_status":"open","ping_status":"open","sticky":false,"template":"","format":"standard","meta":{"_acf_changed":false,"_jetpack_newsletter_access":"","_jetpack_dont_email_post_to_subs":false,"_jetpack_newsletter_tier_id":0,"_jetpack_memberships_contains_paywalled_content":false,"_jetpack_memberships_contains_paid_content":false,"footnotes":"","_members_access_role":[],"_members_access_error":""},"categories":[35481],"tags":[611,40231,37202,40853,42781],"class_list":["post-492690","post","type-post","status-publish","format-standard","has-post-thumbnail","category-baseball","tag-deultimominuto","tag-dominican-republic","tag-nestor-che-garcia","tag-thetruthnewspaper","tag-world-cup-qatar-2027"],"acf":[],"jetpack_sharing_enabled":true,"jetpack_shortlink":"https:\/\/wp.me\/phj1q1-24aC","jetpack_featured_media_url":"https:\/\/deultimominuto.com\/en\/wp-content\/uploads\/sites\/2\/2025\/11\/i-1.jpg","dum_api":{"author_name":"Yamell Rossi","author_image":"https:\/\/deultimominuto.com\/wp-content\/uploads\/2025\/10\/cropped-7a176880-76f8-4b0c-9527-4e34feef45e4-96x96.jpg","categories_name":["Baseball"],"featured_media_url":"https:\/\/cdn.deultimominuto.com\/en\/wp-content\/uploads\/sites\/2\/2025\/11\/i-1.jpg"},"_links":{"self":[{"href":"https:\/\/deultimominuto.com\/en\/wp-json\/wp\/v2\/posts\/492690","targetHints":{"allow":["GET"]}}],"collection":[{"href":"https:\/\/deultimominuto.com\/en\/wp-json\/wp\/v2\/posts"}],"about":[{"href":"https:\/\/deultimominuto.com\/en\/wp-json\/wp\/v2\/types\/post"}],"author":[{"embeddable":true,"href":"https:\/\/deultimominuto.com\/en\/wp-json\/wp\/v2\/users\/972"}],"replies":[{"embeddable":true,"href":"https:\/\/deultimominuto.com\/en\/wp-json\/wp\/v2\/comments?post=492690"}],"version-history":[{"count":0,"href":"https:\/\/deultimominuto.com\/en\/wp-json\/wp\/v2\/posts\/492690\/revisions"}],"wp:featuredmedia":[{"embeddable":true,"href":"https:\/\/deultimominuto.com\/en\/wp-json\/wp\/v2\/media\/492691"}],"wp:attachment":[{"href":"https:\/\/deultimominuto.com\/en\/wp-json\/wp\/v2\/media?parent=492690"}],"wp:term":[{"taxonomy":"category","embeddable":true,"href":"https:\/\/deultimominuto.com\/en\/wp-json\/wp\/v2\/categories?post=492690"},{"taxonomy":"post_tag","embeddable":true,"href":"https:\/\/deultimominuto.com\/en\/wp-json\/wp\/v2\/tags?post=492690"}],"curies":[{"name":"wp","href":"https:\/\/api.w.org\/{rel}","templated":true}]}}