{"id":492896,"date":"2025-11-28T21:09:30","date_gmt":"2025-11-29T01:09:30","guid":{"rendered":"https:\/\/deultimominuto.net\/en\/uncategorized\/abinader-presides-over-the-graduation-of-the-64th-promotion-of-the-army\/"},"modified":"2025-11-28T21:09:30","modified_gmt":"2025-11-29T01:09:30","slug":"abinader-presides-over-the-graduation-of-the-64th-promotion-of-the-army","status":"publish","type":"post","link":"https:\/\/deultimominuto.com\/en\/uncategorized\/abinader-presides-over-the-graduation-of-the-64th-promotion-of-the-army\/","title":{"rendered":"Abinader presides over the graduation of the 64th promotion of the Army"},"content":{"rendered":"<strong>Santo Domingo.<\/strong> \u2013 In a ceremony filled with solemnity and military tradition, President Luis Abinader, in his capacity as the supreme authority of the Armed Forces and the National Police, led this Friday the graduation ceremony of the 64th Promotion of Cadets \u201cF\u00e9lix Mar\u00eda Ruiz\u201d, from the Military Academy \u201cBatalla de Las Carreras\u201d.\n\nThe event, which marks the culmination of the training of the new Army officers for the 2022-2025 period, began with the honors of style to the president and the transfer of command of the Flag Guard, following strict military protocol.\n\nThe Academy director, Brigadier General Ra\u00fal Esteban Mora Hern\u00e1ndez (ERD), was in charge of the keynote speech, where he urged the graduates to uphold the highest values of the armed institution.\n\nHe also highlighted the president&#8217;s support for the modernization of the armed forces.\n\n<em>&#8220;In your hands rests the future of the Dominican Republic. Uphold the values that have been instilled in you,&#8221;<\/em> Mora Hern\u00e1ndez expressed.\n\n\n<figure class=\"wp-block-image is-resized\"><img decoding=\"async\" src=\"https:\/\/presidencia.gob.do\/sites\/default\/files\/inline-images\/Sin%20t%C3%ADtulo_23.jpg\" alt=\"\" style=\"width:569px;height:auto\" title=\"\"><\/figure>\n\n\n\n<p class=\"wp-block-paragraph\"><strong>Recognitions and promotions<\/strong><\/p>\n\n\nDuring the ceremony, 50 new second lieutenants and infantry officers received their diplomas accrediting them as graduates in Military Sciences and Infantry Officers. Special distinction was given to the cadets who graduated with the honors of Honor Graduate, Kleiner Omar Sosa, and Distinguished Graduate, Carolina Silvana P\u00e9rez.\n\nIn addition, recognition plaques were awarded in various categories that reward military virtues, such as application, good conduct, sense of duty, military spirit, physical excellence, and leadership.\n\nA crucial moment of the act was the reading of the General Promotion Order and the subsequent imposition of the rank insignia of second lieutenant, followed by the solemn Oath of Allegiance, led by President Abinader, where the new officers swore allegiance to the Constitution and the laws of the Republic.\n\n\n<figure class=\"wp-block-image is-resized\"><img decoding=\"async\" src=\"https:\/\/presidencia.gob.do\/sites\/default\/files\/inline-images\/Sin%20t%C3%ADtulo_24.jpg\" alt=\"\" style=\"width:500px;height:auto\" title=\"\"><\/figure>\n\n\n\n<p class=\"wp-block-paragraph\"><strong>Command and Closing Symbols<\/strong><\/p>\n\n\n\n<p class=\"wp-block-paragraph\"><strong>As a symbol of their new rank and authority, the graduates received their graduation rings and, from the hands of the President of the Republic himself, their command sabers, an iconic element of the officer corps.<\/strong><\/p>\n\n\nThe ceremony concluded with the emotional performance of the academy&#8217;s anthem by the graduates, ending their time as cadets. Subsequently, President Abinader participated in the official photo with the brand new <strong>&#8220;F\u00e9lix Mar\u00eda Ruiz&#8221;<\/strong> promotion.\n\nWith this new promotion, the Armed Forces of the Dominican Republic are reinforced with officers trained under the highest standards of discipline, ethics, and professional preparation.\n\nPresent were the Minister of Defense, Lieutenant General of the Army, Carlos Antonio Fern\u00e1ndez Onofre; the Minister of Interior and Police, Faride Raful; the General Commander of the Army, Major General Jorge Iv\u00e1n Camino P\u00e9rez; the Director of the National Police, Major General Ram\u00f3n Antonio Guzm\u00e1n Peralta, and the Minister of Higher Education, Science and Technology, Franklin Garc\u00eda Ferm\u00edn, among others.","protected":false},"excerpt":{"rendered":"<p>Santo Domingo. \u2013 In a ceremony filled with solemnity and military tradition, President Luis Abinader, in his capacity as the supreme authority of the Armed Forces and the National Police, led this Friday the graduation ceremony of the 64th Promotion of Cadets \u201cF\u00e9lix Mar\u00eda Ruiz\u201d, from the Military Academy \u201cBatalla de Las Carreras\u201d. The event, [&hellip;]<\/p>\n","protected":false},"author":27,"featured_media":0,"comment_status":"open","ping_status":"open","sticky":false,"template":"","format":"standard","meta":{"_acf_changed":false,"_jetpack_newsletter_access":"","_jetpack_dont_email_post_to_subs":false,"_jetpack_newsletter_tier_id":0,"_jetpack_memberships_contains_paywalled_content":false,"_jetpack_memberships_contains_paid_content":false,"footnotes":"","_members_access_role":[],"_members_access_error":""},"categories":[1],"tags":[],"class_list":["post-492896","post","type-post","status-publish","format-standard","category-uncategorized"],"acf":[],"jetpack_sharing_enabled":true,"jetpack_shortlink":"https:\/\/wp.me\/phj1q1-24dW","jetpack_featured_media_url":"","dum_api":{"author_name":"Arelis Suero","author_image":"https:\/\/deultimominuto.com\/wp-content\/uploads\/2024\/03\/cropped-cropped-Diseno-sin-titulo-41-96x96.jpg","categories_name":["Uncategorized"],"featured_media_url":null},"_links":{"self":[{"href":"https:\/\/deultimominuto.com\/en\/wp-json\/wp\/v2\/posts\/492896","targetHints":{"allow":["GET"]}}],"collection":[{"href":"https:\/\/deultimominuto.com\/en\/wp-json\/wp\/v2\/posts"}],"about":[{"href":"https:\/\/deultimominuto.com\/en\/wp-json\/wp\/v2\/types\/post"}],"author":[{"embeddable":true,"href":"https:\/\/deultimominuto.com\/en\/wp-json\/wp\/v2\/users\/27"}],"replies":[{"embeddable":true,"href":"https:\/\/deultimominuto.com\/en\/wp-json\/wp\/v2\/comments?post=492896"}],"version-history":[{"count":0,"href":"https:\/\/deultimominuto.com\/en\/wp-json\/wp\/v2\/posts\/492896\/revisions"}],"wp:attachment":[{"href":"https:\/\/deultimominuto.com\/en\/wp-json\/wp\/v2\/media?parent=492896"}],"wp:term":[{"taxonomy":"category","embeddable":true,"href":"https:\/\/deultimominuto.com\/en\/wp-json\/wp\/v2\/categories?post=492896"},{"taxonomy":"post_tag","embeddable":true,"href":"https:\/\/deultimominuto.com\/en\/wp-json\/wp\/v2\/tags?post=492896"}],"curies":[{"name":"wp","href":"https:\/\/api.w.org\/{rel}","templated":true}]}}