{"id":493540,"date":"2025-12-04T18:45:32","date_gmt":"2025-12-04T22:45:32","guid":{"rendered":"https:\/\/deultimominuto.net\/en\/uncategorized\/minister-of-culture-and-governor-of-monte-plata-lead-table-of-traditions-in-yamasa\/"},"modified":"2025-12-04T18:49:11","modified_gmt":"2025-12-04T22:49:11","slug":"minister-of-culture-and-governor-of-monte-plata-lead-table-of-traditions-in-yamasa","status":"publish","type":"post","link":"https:\/\/deultimominuto.com\/en\/uncategorized\/minister-of-culture-and-governor-of-monte-plata-lead-table-of-traditions-in-yamasa\/","title":{"rendered":"Minister of Culture and Governor of Monte Plata lead &#8220;Table of Traditions&#8221; in Yamas\u00e1"},"content":{"rendered":"With the firm purpose of preserving the cultural expressions that give identity to the Dominican people, the Minister of Culture, Roberto \u00c1ngel Salcedo, and the provincial governor of Monte Plata, Rafaela Javier Gomera, led the opening of the first national meeting &#8220;<strong>Table of Traditions<\/strong>&#8220;, held at the Hermanos Guill\u00e9n Cultural Center, in Yamas\u00e1.\n\nThe activity brought together cultural bearers, managers, authorities, and members of civil society from across the province, in a day focused on safeguarding and strengthening the living traditions of the country. The event took place under the slogan &#8220;<strong>Root of our identity<\/strong>&#8220;, highlighting the importance of the customs that make up the Dominican cultural soul.\n\nDuring his intervention, Minister Salcedo stated: &#8220;<strong>With this meeting, we reaffirm the Dominican government&#8217;s commitment to the protection of our intangible cultural heritage. Traditions are the thread that connects us to our history and to the future we want to build with pride<\/strong>&#8220;.\n\n\n<h6 class=\"wp-block-heading has-text-align-center\"><strong>You can also read:  <a href=\"https:\/\/ab.deultimominuto.net\/estilo\/ministro-de-cultura-barahona\/\" target=\"_blank\" rel=\"noopener\">Minister of Culture delivers instruments in Barahona<\/a><\/strong><\/h6>\n\n\nFor her part, Governor Rafaela Javier Gomera valued that Monte Plata has been the venue for this important initiative. \u201c<strong>Our province is rich in culture, in hardworking people, and in history. We appreciate that our bearers are recognized and that public policies that strengthen our national identity are promoted from here<\/strong>\u201d, she stated.\n\nThe event also featured the participation of mayors Cruzdeyvi de los Santos (Yamas\u00e1), H\u00e9ctor Figaris (Monte Plata) and Freilyn Hern\u00e1ndez (Peralvillo), who supported the event, ratifying the commitment of local governments to the promotion and protection of the cultural heritage of their respective communities.","protected":false},"excerpt":{"rendered":"<p>With the firm purpose of preserving the cultural expressions that give identity to the Dominican people, the Minister of Culture, Roberto \u00c1ngel Salcedo, and the provincial governor of Monte Plata, Rafaela Javier Gomera, led the opening of the first national meeting &#8220;Table of Traditions&#8220;, held at the Hermanos Guill\u00e9n Cultural Center, in Yamas\u00e1. The activity [&hellip;]<\/p>\n","protected":false},"author":133543,"featured_media":0,"comment_status":"open","ping_status":"open","sticky":false,"template":"","format":"standard","meta":{"_acf_changed":false,"_jetpack_newsletter_access":"","_jetpack_dont_email_post_to_subs":false,"_jetpack_newsletter_tier_id":0,"_jetpack_memberships_contains_paywalled_content":false,"_jetpack_memberships_contains_paid_content":false,"footnotes":"","_members_access_role":[],"_members_access_error":""},"categories":[1],"tags":[],"class_list":["post-493540","post","type-post","status-publish","format-standard","category-uncategorized"],"acf":[],"jetpack_sharing_enabled":true,"jetpack_shortlink":"https:\/\/wp.me\/phj1q1-24ok","jetpack_featured_media_url":"","dum_api":{"author_name":"Carolina \u00c1lvarez","author_image":"https:\/\/deultimominuto.com\/wp-content\/uploads\/2026\/05\/cropped-WhatsApp-Image-2026-05-26-at-5.31.57-PM-96x96.jpeg","categories_name":["Uncategorized"],"featured_media_url":null},"_links":{"self":[{"href":"https:\/\/deultimominuto.com\/en\/wp-json\/wp\/v2\/posts\/493540","targetHints":{"allow":["GET"]}}],"collection":[{"href":"https:\/\/deultimominuto.com\/en\/wp-json\/wp\/v2\/posts"}],"about":[{"href":"https:\/\/deultimominuto.com\/en\/wp-json\/wp\/v2\/types\/post"}],"author":[{"embeddable":true,"href":"https:\/\/deultimominuto.com\/en\/wp-json\/wp\/v2\/users\/133543"}],"replies":[{"embeddable":true,"href":"https:\/\/deultimominuto.com\/en\/wp-json\/wp\/v2\/comments?post=493540"}],"version-history":[{"count":0,"href":"https:\/\/deultimominuto.com\/en\/wp-json\/wp\/v2\/posts\/493540\/revisions"}],"wp:attachment":[{"href":"https:\/\/deultimominuto.com\/en\/wp-json\/wp\/v2\/media?parent=493540"}],"wp:term":[{"taxonomy":"category","embeddable":true,"href":"https:\/\/deultimominuto.com\/en\/wp-json\/wp\/v2\/categories?post=493540"},{"taxonomy":"post_tag","embeddable":true,"href":"https:\/\/deultimominuto.com\/en\/wp-json\/wp\/v2\/tags?post=493540"}],"curies":[{"name":"wp","href":"https:\/\/api.w.org\/{rel}","templated":true}]}}