{"id":493695,"date":"2025-12-05T23:27:49","date_gmt":"2025-12-06T03:27:49","guid":{"rendered":"https:\/\/deultimominuto.net\/en\/uncategorized\/centro-cultural-banreservas-santiago-inaugurates-its-first-exhibitions-with-works-by-domingo-batista-and-cibao-artists\/"},"modified":"2025-12-05T23:27:49","modified_gmt":"2025-12-06T03:27:49","slug":"centro-cultural-banreservas-santiago-inaugurates-its-first-exhibitions-with-works-by-domingo-batista-and-cibao-artists","status":"publish","type":"post","link":"https:\/\/deultimominuto.com\/en\/uncategorized\/centro-cultural-banreservas-santiago-inaugurates-its-first-exhibitions-with-works-by-domingo-batista-and-cibao-artists\/","title":{"rendered":"Centro Cultural Banreservas Santiago inaugurates its first exhibitions with works by Domingo Batista and Cibao artists"},"content":{"rendered":"<strong>Santiago, R.D.<\/strong> \u2013 The Banreservas Santiago Cultural Center inaugurated its first exhibitions: \u201cPaths of Light, Paths of Earth,\u201d by master photographer Domingo Batista; and \u201cCibae\u00f1os in the Banreservas Visual Arts Collection,\u201d which brings together works by renowned artists from the region.\n\nAlieska D\u00edaz, Senior Executive Vice President of Administration, expressed that the Banreservas Cultural Center of Santiago was born to showcase the different cultural expressions in the same space of integration, where painters, sculptors, writers, and poets converge, contributing to the spiritual enrichment of people.\n\n&#8220;With both exhibitions, we wanted to highlight the importance we give to this new home for art in all its manifestations,&#8221; D\u00edaz pointed out.\n\nDomingo Batista thanked the Banreservas Cultural Center for presenting his creations to the public.\n\n\n<figure class=\"wp-block-gallery has-nested-images columns-default is-cropped wp-block-gallery-1 is-layout-flex wp-block-gallery-is-layout-flex\">\n<figure class=\"wp-block-image size-large\"><img decoding=\"async\" data-id=\"577454\" src=\"https:\/\/ab.deultimominuto.net\/wp-content\/uploads\/2025\/12\/WhatsApp-Image-2025-12-05-at-11.22.29-PM-1-1024x845.jpeg\" alt=\"\" class=\"wp-image-577454\" title=\"\"><\/figure>\n\n\n\n<figure class=\"wp-block-image size-large\"><img decoding=\"async\" data-id=\"577452\" src=\"https:\/\/ab.deultimominuto.net\/wp-content\/uploads\/2025\/12\/WhatsApp-Image-2025-12-05-at-11.22.29-PM-1024x681.jpeg\" alt=\"\" class=\"wp-image-577452\" title=\"\"><\/figure>\n\n\n\n<figure class=\"wp-block-image size-large\"><img decoding=\"async\" data-id=\"577455\" src=\"https:\/\/ab.deultimominuto.net\/wp-content\/uploads\/2025\/12\/WhatsApp-Image-2025-12-05-at-11.22.28-PM-3-1024x878.jpeg\" alt=\"\" class=\"wp-image-577455\" title=\"\"><\/figure>\n\n\n\n<figure class=\"wp-block-image size-large\"><img decoding=\"async\" data-id=\"577453\" src=\"https:\/\/ab.deultimominuto.net\/wp-content\/uploads\/2025\/12\/WhatsApp-Image-2025-12-05-at-11.22.28-PM-1-1024x681.jpeg\" alt=\"\" class=\"wp-image-577453\" title=\"\"><\/figure>\n\n\n\n<figure class=\"wp-block-image size-large\"><img decoding=\"async\" data-id=\"577456\" src=\"https:\/\/ab.deultimominuto.net\/wp-content\/uploads\/2025\/12\/WhatsApp-Image-2025-12-05-at-11.22.28-PM-2-1024x681.jpeg\" alt=\"\" class=\"wp-image-577456\" title=\"\"><\/figure>\n\n\n\n<figure class=\"wp-block-image size-large\"><img decoding=\"async\" data-id=\"577457\" src=\"https:\/\/ab.deultimominuto.net\/wp-content\/uploads\/2025\/12\/WhatsApp-Image-2025-12-05-at-11.22.27-PM-1024x681.jpeg\" alt=\"\" class=\"wp-image-577457\" title=\"\"><\/figure>\n<\/figure>\n\n\nOn her part, Gladialisa Pereyra, Culture Manager of Santiago, highlighted that &#8220;Paths of light, paths of earth&#8221; transcends as a retrospective to become a sensory dialogue with the soul of the Dominican landscape.\n\nThe cultural manager added that in each photograph a gesture of love for the country is perceived, an act of gratitude to the landscape and an affirmation that beauty is also a territory of identity.\n\nThe exhibition has been curated by the Centro Le\u00f3n, an institution that safeguards the funds of the renowned Santiago photographer.<br>For her part, Gina Rodr\u00edguez, director of the Santiago Museum of Art, explained that the exhibition &#8220;Cibae\u00f1os in the Banreservas Visual Arts Collection&#8221; pays homage to essential figures from the northern region such as Cuquito Pe\u00f1a, Alberto Ulloa, Carlos Hinojosa, Danicel, Justo Susana, Antonio Guadalupe, Rafy V\u00e1squez, Marianela Jim\u00e9nez, Dionisio Pichardo, Jos\u00e9 F\u00e9lix Moya, Rosa Tav\u00e1rez, Jorge Severino and C\u00e1ndido Bid\u00f3.\n\nRodr\u00edguez emphasized that this collection reaffirms Banreservas&#8217; commitment to the preservation and promotion of national art, especially that which originates from the Cibao, a region that not only feeds the country, but has also produced some of its most outstanding artists.\n\nThe exhibitions remain open to the public from December 4th until the month of March in the historic building of the former Hotel Mercedes, now home to the Banreservas Santiago Cultural Center.<br>Prominent figures from art and culture, civil authorities, artists, entrepreneurs, and Banreservas executives attended the opening ceremony.\n\nUpcoming activities\nDuring December, the Banreservas Santiago Cultural Center will offer a varied program that includes:\n\u2022Book launch: Book by Domingo Batista, Friday 12, at 6:00 p.m.\n\u2022Concert: Jos\u00e9 Duluc \u2013 Tribute to Luis \u201cEl Terror\u201d D\u00edas, Friday 19, at 7:00 p.m.","protected":false},"excerpt":{"rendered":"<p>Santiago, R.D. \u2013 The Banreservas Santiago Cultural Center inaugurated its first exhibitions: \u201cPaths of Light, Paths of Earth,\u201d by master photographer Domingo Batista; and \u201cCibae\u00f1os in the Banreservas Visual Arts Collection,\u201d which brings together works by renowned artists from the region. Alieska D\u00edaz, Senior Executive Vice President of Administration, expressed that the Banreservas Cultural Center [&hellip;]<\/p>\n","protected":false},"author":27,"featured_media":0,"comment_status":"open","ping_status":"open","sticky":false,"template":"","format":"standard","meta":{"_acf_changed":false,"_jetpack_newsletter_access":"","_jetpack_dont_email_post_to_subs":false,"_jetpack_newsletter_tier_id":0,"_jetpack_memberships_contains_paywalled_content":false,"_jetpack_memberships_contains_paid_content":false,"footnotes":"","_members_access_role":[],"_members_access_error":""},"categories":[1],"tags":[],"class_list":["post-493695","post","type-post","status-publish","format-standard","category-uncategorized"],"acf":[],"jetpack_sharing_enabled":true,"jetpack_shortlink":"https:\/\/wp.me\/phj1q1-24qP","jetpack_featured_media_url":"","dum_api":{"author_name":"Arelis Suero","author_image":"https:\/\/deultimominuto.com\/wp-content\/uploads\/2024\/03\/cropped-cropped-Diseno-sin-titulo-41-96x96.jpg","categories_name":["Uncategorized"],"featured_media_url":null},"_links":{"self":[{"href":"https:\/\/deultimominuto.com\/en\/wp-json\/wp\/v2\/posts\/493695","targetHints":{"allow":["GET"]}}],"collection":[{"href":"https:\/\/deultimominuto.com\/en\/wp-json\/wp\/v2\/posts"}],"about":[{"href":"https:\/\/deultimominuto.com\/en\/wp-json\/wp\/v2\/types\/post"}],"author":[{"embeddable":true,"href":"https:\/\/deultimominuto.com\/en\/wp-json\/wp\/v2\/users\/27"}],"replies":[{"embeddable":true,"href":"https:\/\/deultimominuto.com\/en\/wp-json\/wp\/v2\/comments?post=493695"}],"version-history":[{"count":0,"href":"https:\/\/deultimominuto.com\/en\/wp-json\/wp\/v2\/posts\/493695\/revisions"}],"wp:attachment":[{"href":"https:\/\/deultimominuto.com\/en\/wp-json\/wp\/v2\/media?parent=493695"}],"wp:term":[{"taxonomy":"category","embeddable":true,"href":"https:\/\/deultimominuto.com\/en\/wp-json\/wp\/v2\/categories?post=493695"},{"taxonomy":"post_tag","embeddable":true,"href":"https:\/\/deultimominuto.com\/en\/wp-json\/wp\/v2\/tags?post=493695"}],"curies":[{"name":"wp","href":"https:\/\/api.w.org\/{rel}","templated":true}]}}