{"id":493995,"date":"2025-12-09T08:15:30","date_gmt":"2025-12-09T12:15:30","guid":{"rendered":"https:\/\/deultimominuto.net\/en\/uncategorized\/victor-estevez-is-named-major-league-coach-by-the-washington-nationals\/"},"modified":"2025-12-09T08:15:30","modified_gmt":"2025-12-09T12:15:30","slug":"victor-estevez-is-named-major-league-coach-by-the-washington-nationals","status":"publish","type":"post","link":"https:\/\/deultimominuto.com\/en\/sports\/baseball\/victor-estevez-is-named-major-league-coach-by-the-washington-nationals\/","title":{"rendered":"V\u00edctor Est\u00e9vez is named Major League coach by the Washington Nationals"},"content":{"rendered":"\n<p class=\"wp-block-paragraph\"><\/p>\n\n\n\n<p class=\"wp-block-paragraph\"><strong>LA ROMANA.<\/strong> \u2013 After almost 14 years of uninterrupted work in the minor circuits of the Milwaukee Brewers, <strong>V\u00edctor Est\u00e9vez<\/strong> received this Monday the great news of his promotion to the Major Leagues, being announced by the <strong>Washington Nationals<\/strong> as the new coach of the main team.<\/p>\n\n\n\n<p class=\"wp-block-paragraph\"><strong>You may be interested in:<a href=\"https:\/\/ab.deultimominuto.net\/deportes\/beisbol\/tyler-danish-reforzara-la-rotacion-del-escogido\/\" target=\"_blank\" rel=\"noopener\">T<\/a><\/strong><a href=\"https:\/\/ab.deultimominuto.net\/deportes\/beisbol\/tyler-danish-reforzara-la-rotacion-del-escogido\/\" target=\"_blank\" rel=\"noopener\">yler Danish will reinforce the Escogido&#8217;s rotation<\/a><\/p>\n\n\nThe leader of the <strong>Toros del Este<\/strong> was officially announced as the <strong>third base and infielders coach<\/strong>, in addition to assuming the coordination of base running, functions that mark an important leap in his career within professional baseball.\n\nWith <strong>37 years<\/strong>, Est\u00e9vez culminates a long stage in the Milwaukee organization, where he began as a manager in the Dominican Summer League before taking on roles as a manager at different levels of minor leagues, most recently in Class A. His appointment with the Nationals represents the culmination of a process that, according to himself, was full of dedication and perseverance.\n\n\n<p class=\"wp-block-paragraph\">&#8220;I am very grateful, it was a long process, a journey of basically 20 years in professional baseball,&#8221; Est\u00e9vez declared in conversation with <strong>V\u00edctor B\u00e1ez<\/strong>, press director of the Toros del Este. &#8220;It&#8217;s news that has filled me and my family with joy, and I am truly extremely happy,&#8221; he added.<\/p>\n\n\nIn his first season as manager of the Toros del Este, Est\u00e9vez has placed the La Romana team in a privileged position, clinging to second place and with great possibilities of advancing to the postseason. If they achieve it, it would be his second qualification in the <strong>LIDOM<\/strong>, after previously taking Escogido to the Round Robin after three years without achieving it.\n\nEst\u00e9vez also expressed his gratitude to the Milwaukee Brewers organization, who gave him his first professional opportunity after being signed as a player by the Arizona Diamondbacks.\n\nThe Toros del Este return to the field tonight, when they receive the <strong>Estrellas Orientales<\/strong> at <strong>7:30 p.m.<\/strong> in the <strong>Francisco A. Micheli<\/strong> stadium in La Romana.\n\n<strong>Next Game<\/strong><br><strong>Estrellas vs Toros<\/strong><br><em>December 09 \u2013 7:30 PM<\/em><br>Francisco A. Micheli Stadium, La Romana","protected":false},"excerpt":{"rendered":"<p>LA ROMANA. \u2013 After almost 14 years of uninterrupted work in the minor circuits of the Milwaukee Brewers, V\u00edctor Est\u00e9vez received this Monday the great news of his promotion to the Major Leagues, being announced by the Washington Nationals as the new coach of the main team. You may be interested in:Tyler Danish will reinforce [&hellip;]<\/p>\n","protected":false},"author":972,"featured_media":493996,"comment_status":"open","ping_status":"open","sticky":false,"template":"","format":"standard","meta":{"_acf_changed":false,"_jetpack_newsletter_access":"","_jetpack_dont_email_post_to_subs":false,"_jetpack_newsletter_tier_id":0,"_jetpack_memberships_contains_paywalled_content":false,"_jetpack_memberships_contains_paid_content":false,"footnotes":"","_members_access_role":[],"_members_access_error":""},"categories":[35481],"tags":[611,40231,40813,40853,40230],"class_list":["post-493995","post","type-post","status-publish","format-standard","has-post-thumbnail","category-baseball","tag-deultimominuto","tag-dominican-republic","tag-major-leagues","tag-thetruthnewspaper","tag-united-states"],"acf":[],"jetpack_sharing_enabled":true,"jetpack_shortlink":"https:\/\/wp.me\/phj1q1-24vF","jetpack_featured_media_url":"https:\/\/deultimominuto.com\/en\/wp-content\/uploads\/sites\/2\/2025\/12\/c0e45fb1-4284-41ab-9352-24ee58abbcda-1.jpeg","dum_api":{"author_name":"Yamell Rossi","author_image":"https:\/\/deultimominuto.com\/wp-content\/uploads\/2025\/10\/cropped-7a176880-76f8-4b0c-9527-4e34feef45e4-96x96.jpg","categories_name":["Baseball"],"featured_media_url":"https:\/\/cdn.deultimominuto.com\/en\/wp-content\/uploads\/sites\/2\/2025\/12\/c0e45fb1-4284-41ab-9352-24ee58abbcda-1.jpeg"},"_links":{"self":[{"href":"https:\/\/deultimominuto.com\/en\/wp-json\/wp\/v2\/posts\/493995","targetHints":{"allow":["GET"]}}],"collection":[{"href":"https:\/\/deultimominuto.com\/en\/wp-json\/wp\/v2\/posts"}],"about":[{"href":"https:\/\/deultimominuto.com\/en\/wp-json\/wp\/v2\/types\/post"}],"author":[{"embeddable":true,"href":"https:\/\/deultimominuto.com\/en\/wp-json\/wp\/v2\/users\/972"}],"replies":[{"embeddable":true,"href":"https:\/\/deultimominuto.com\/en\/wp-json\/wp\/v2\/comments?post=493995"}],"version-history":[{"count":0,"href":"https:\/\/deultimominuto.com\/en\/wp-json\/wp\/v2\/posts\/493995\/revisions"}],"wp:featuredmedia":[{"embeddable":true,"href":"https:\/\/deultimominuto.com\/en\/wp-json\/wp\/v2\/media\/493996"}],"wp:attachment":[{"href":"https:\/\/deultimominuto.com\/en\/wp-json\/wp\/v2\/media?parent=493995"}],"wp:term":[{"taxonomy":"category","embeddable":true,"href":"https:\/\/deultimominuto.com\/en\/wp-json\/wp\/v2\/categories?post=493995"},{"taxonomy":"post_tag","embeddable":true,"href":"https:\/\/deultimominuto.com\/en\/wp-json\/wp\/v2\/tags?post=493995"}],"curies":[{"name":"wp","href":"https:\/\/api.w.org\/{rel}","templated":true}]}}