{"id":494677,"date":"2025-12-15T20:12:01","date_gmt":"2025-12-16T00:12:01","guid":{"rendered":"https:\/\/deultimominuto.net\/en\/uncategorized\/rafael-adames-conquers-his-fourth-national-title-and-is-double-two-time-champion-of-dominican-drift\/"},"modified":"2025-12-15T20:12:01","modified_gmt":"2025-12-16T00:12:01","slug":"rafael-adames-conquers-his-fourth-national-title-and-is-double-two-time-champion-of-dominican-drift","status":"publish","type":"post","link":"https:\/\/deultimominuto.com\/en\/motorsport\/rafael-adames-conquers-his-fourth-national-title-and-is-double-two-time-champion-of-dominican-drift\/","title":{"rendered":"Rafael Adames conquers his fourth national title and is double two-time champion of Dominican drift"},"content":{"rendered":"<strong>Santo Domingo<\/strong>. The Dominican Drift Series closed its 2025 season at the Aut\u00f3dromo Internacional Las Am\u00e9ricas, where Rafael Adames, from Team La Cangrena, sealed his fourth national title in the PRO category and the second in a row, consolidating himself as a double national champion of Dominican drift.\n\n\n<p class=\"wp-block-paragraph\"><strong>You may be interested in:<\/strong><a href=\"https:\/\/ab.deultimominuto.net\/deportes\/inefi-celebra-festival-nacional-de-marcha-escolar-nivel-primario-2025-puerto-plata-revalida-el-campeonato\/#google_vignette\" target=\"_blank\" rel=\"noopener\">Inefi Celebrates National School Marching Festival Primary Level 2025; Puerto Plata Revalidates Championship<\/a><\/p>\n\n\nAlthough Franklin Castro was the winner of the final Round 3 of the National Drift Championship, followed by Rafael Adames in second position and Omar Castellanos in third place, the accumulated points of the season allowed Adames to secure the overall championship.\n\nThe final day brought together the best exponents of the PRO and INTER categories, offering a spectacle loaded with technique, precision, and adrenaline in each confrontation. The result of Round 3 confirmed the commitment of the lovers of this sport to make it grow and maintain interest among fans.\n\nIn the INTER category, the spotlight was on Juan Jos\u00e9 J\u00e1quez, who took the victory of Round 3, followed by Euris Garc\u00eda and Akeem Abbot. Thanks to his performance throughout the season, J\u00e1quez was proclaimed 2025 national champion of this series in the INTER category.\n\nThe event was organized by the Dominican Drift Runners Club (CDCD) and was endorsed by the Dominican Federation of Automobilism (FDA), reaffirming the sustained growth of the discipline in the country. The final date also had an international touch with the participation of guest drivers from Brazil and Puerto Rico, raising the competitive level and strengthening the regional ties of Caribbean drift.\n\n\n<p class=\"wp-block-paragraph\"><\/p>\n\n\n\n<figure class=\"wp-block-table\"><table class=\"has-fixed-layout\"><tbody><tr><td><\/td><\/tr><tr><td><\/td><\/tr><tr><td>&nbsp;<\/td><\/tr><\/tbody><\/table><\/figure>\n\n\n\n<p class=\"wp-block-paragraph\"><img decoding=\"async\" src=\"https:\/\/ci3.googleusercontent.com\/meips\/ADKq_NYsYGK_zt8qS33X4D_FEkl4cre_GqdvxxtYvLc-nfFe3aBowVm2GhcSItPJDliAMLjg_6qovqugbf8QUtbgT1CzwELmYpgwNr2Qfmn9=s0-d-e1-ft#https:\/\/tracy.srv.wisestamp.com\/px\/wsid\/oOAy3rz8JyQ.png\" alt=\"__tpx__\" title=\"\"><\/p>\n","protected":false},"excerpt":{"rendered":"<p>Santo Domingo. The Dominican Drift Series closed its 2025 season at the Aut\u00f3dromo Internacional Las Am\u00e9ricas, where Rafael Adames, from Team La Cangrena, sealed his fourth national title in the PRO category and the second in a row, consolidating himself as a double national champion of Dominican drift. You may be interested in:Inefi Celebrates National [&hellip;]<\/p>\n","protected":false},"author":972,"featured_media":494678,"comment_status":"open","ping_status":"open","sticky":false,"template":"","format":"standard","meta":{"_acf_changed":false,"_jetpack_newsletter_access":"","_jetpack_dont_email_post_to_subs":false,"_jetpack_newsletter_tier_id":0,"_jetpack_memberships_contains_paywalled_content":false,"_jetpack_memberships_contains_paid_content":false,"footnotes":"","_members_access_role":[],"_members_access_error":""},"categories":[40266],"tags":[611,40231,40853],"class_list":["post-494677","post","type-post","status-publish","format-standard","has-post-thumbnail","category-motorsport","tag-deultimominuto","tag-dominican-republic","tag-thetruthnewspaper"],"acf":[],"jetpack_sharing_enabled":true,"jetpack_shortlink":"https:\/\/wp.me\/phj1q1-24GF","jetpack_featured_media_url":"https:\/\/deultimominuto.com\/en\/wp-content\/uploads\/sites\/2\/2025\/12\/Rafael-Adames-en-el-recorrido-de-clasificacion-para-lograr-su-cuarto-campeonato.jpeg","dum_api":{"author_name":"Yamell Rossi","author_image":"https:\/\/deultimominuto.com\/wp-content\/uploads\/2025\/10\/cropped-7a176880-76f8-4b0c-9527-4e34feef45e4-96x96.jpg","categories_name":["Motorsport"],"featured_media_url":"https:\/\/cdn.deultimominuto.com\/en\/wp-content\/uploads\/sites\/2\/2025\/12\/Rafael-Adames-en-el-recorrido-de-clasificacion-para-lograr-su-cuarto-campeonato.jpeg"},"_links":{"self":[{"href":"https:\/\/deultimominuto.com\/en\/wp-json\/wp\/v2\/posts\/494677","targetHints":{"allow":["GET"]}}],"collection":[{"href":"https:\/\/deultimominuto.com\/en\/wp-json\/wp\/v2\/posts"}],"about":[{"href":"https:\/\/deultimominuto.com\/en\/wp-json\/wp\/v2\/types\/post"}],"author":[{"embeddable":true,"href":"https:\/\/deultimominuto.com\/en\/wp-json\/wp\/v2\/users\/972"}],"replies":[{"embeddable":true,"href":"https:\/\/deultimominuto.com\/en\/wp-json\/wp\/v2\/comments?post=494677"}],"version-history":[{"count":0,"href":"https:\/\/deultimominuto.com\/en\/wp-json\/wp\/v2\/posts\/494677\/revisions"}],"wp:featuredmedia":[{"embeddable":true,"href":"https:\/\/deultimominuto.com\/en\/wp-json\/wp\/v2\/media\/494678"}],"wp:attachment":[{"href":"https:\/\/deultimominuto.com\/en\/wp-json\/wp\/v2\/media?parent=494677"}],"wp:term":[{"taxonomy":"category","embeddable":true,"href":"https:\/\/deultimominuto.com\/en\/wp-json\/wp\/v2\/categories?post=494677"},{"taxonomy":"post_tag","embeddable":true,"href":"https:\/\/deultimominuto.com\/en\/wp-json\/wp\/v2\/tags?post=494677"}],"curies":[{"name":"wp","href":"https:\/\/api.w.org\/{rel}","templated":true}]}}