{"id":494898,"date":"2025-12-17T20:00:46","date_gmt":"2025-12-18T00:00:46","guid":{"rendered":"https:\/\/deultimominuto.net\/en\/uncategorized\/juan-ulises-garcia-saleta-foundation-delivers-olympic-plaza-that-immortalizes-the-legacy-of-dominican-olympism\/"},"modified":"2025-12-17T20:00:46","modified_gmt":"2025-12-18T00:00:46","slug":"juan-ulises-garcia-saleta-foundation-delivers-olympic-plaza-that-immortalizes-the-legacy-of-dominican-olympism","status":"publish","type":"post","link":"https:\/\/deultimominuto.com\/en\/uncategorized\/juan-ulises-garcia-saleta-foundation-delivers-olympic-plaza-that-immortalizes-the-legacy-of-dominican-olympism\/","title":{"rendered":"Juan Ulises Garc\u00eda Saleta Foundation delivers Olympic Plaza that immortalizes the legacy of Dominican Olympism"},"content":{"rendered":"\n<p class=\"wp-block-paragraph\"><strong>Santo Domingo.-<\/strong> In an emotional act loaded with historical and sporting symbolism, the Juan Ulises Garc\u00eda Saleta Foundation formally inaugurated the Juan Ulises Garc\u00eda Saleta (Wiche) Olympic Plaza, a renovated space in the Juan Pablo Duarte Olympic Center conceived to pay permanent tribute to the man who laid the foundations of the Olympic movement in the Dominican Republic, on the occasion of the centenary of his birth.<\/p>\n\n\nThe ceremony brought together the Minister of Sports and Recreation, Kelvin Cruz, along with prominent authorities from the national sports field, leaders, athletes, the honoree&#8217;s family, and representatives of the media, who agreed in highlighting the visionary and human dimension of Juan Ulises Garc\u00eda Saleta.\n\nThe act began with the blessing of the space by Monsignor Benito \u00c1ngeles. Subsequently, Rosa Bernardita Garc\u00eda shared a personal reflection that allowed the audience to get closer to Wiche&#8217;s thoughts and character, highlighting his ability to convert great ideals into concrete actions, always supported by family, constant learning, and daily discipline.\n\n\n<figure class=\"wp-block-gallery has-nested-images columns-default is-cropped wp-block-gallery-1 is-layout-flex wp-block-gallery-is-layout-flex\">\n<figure class=\"wp-block-image size-large\"><img decoding=\"async\" data-id=\"582567\" src=\"https:\/\/ab.deultimominuto.net\/wp-content\/uploads\/2025\/12\/WhatsApp-Image-2025-12-17-at-7.48.45-PM-3-1024x682.jpeg\" alt=\"\" class=\"wp-image-582567\" title=\"\"><\/figure>\n\n\n\n<figure class=\"wp-block-image size-large\"><img decoding=\"async\" data-id=\"582569\" src=\"https:\/\/ab.deultimominuto.net\/wp-content\/uploads\/2025\/12\/WhatsApp-Image-2025-12-17-at-7.48.45-PM-2-1024x682.jpeg\" alt=\"\" class=\"wp-image-582569\" title=\"\"><\/figure>\n\n\n\n<figure class=\"wp-block-image size-large\"><img decoding=\"async\" data-id=\"582571\" src=\"https:\/\/ab.deultimominuto.net\/wp-content\/uploads\/2025\/12\/WhatsApp-Image-2025-12-17-at-7.48.45-PM-1024x682.jpeg\" alt=\"\" class=\"wp-image-582571\" title=\"\"><\/figure>\n\n\n\n<figure class=\"wp-block-image size-large\"><img decoding=\"async\" data-id=\"582568\" src=\"https:\/\/ab.deultimominuto.net\/wp-content\/uploads\/2025\/12\/WhatsApp-Image-2025-12-17-at-7.48.44-PM-1-1024x682.jpeg\" alt=\"\" class=\"wp-image-582568\" title=\"\"><\/figure>\n\n\n\n<figure class=\"wp-block-image size-large\"><img decoding=\"async\" data-id=\"582570\" src=\"https:\/\/ab.deultimominuto.net\/wp-content\/uploads\/2025\/12\/WhatsApp-Image-2025-12-17-at-7.48.44-PM-1024x682.jpeg\" alt=\"\" class=\"wp-image-582570\" title=\"\"><\/figure>\n\n\n\n<figure class=\"wp-block-image size-large\"><img decoding=\"async\" data-id=\"582572\" src=\"https:\/\/ab.deultimominuto.net\/wp-content\/uploads\/2025\/12\/WhatsApp-Image-2025-12-17-at-7.42.47-PM-4-1024x682.jpeg\" alt=\"\" class=\"wp-image-582572\" title=\"\"><\/figure>\n<\/figure>\n\n\nDuring his intervention, Luis\u00edn Mej\u00eda, former president of the Dominican Olympic Committee, defined Garc\u00eda Saleta as a transcendental figure in national sports history, pointing out that his legacy goes beyond physical works and is expressed in a philosophy of values, commitment and unity that still guides Dominican Olympism.\n\nMinister Kelvin Cruz highlighted that the creation of the Juan Pablo Duarte Olympic Center was the result of a persevering struggle led by a man with a deep patriotic sense and a vocation for serving the youth. He affirmed that this plaza represents a just recognition to the one who opened paths and strengthened sports as a tool for social development.\n\nThe conceptual explanation of the work was given by Juan Antonio Garc\u00eda Smester, president of the Foundation and son of the honoree, who detailed the elements that make up the space, conceived as a journey through the history of Dominican Olympism.\n\nThe Olympic Plaza integrates the Olympic Rings held by three metallic structures that symbolize Juan Ulises Garc\u00eda Saleta, Enrique Ripley Mar\u00edn and Virgilio Travieso Soto, protagonists of the recognition of the Dominican Olympic Committee by the International Olympic Committee in 1963. Likewise, the original brazier of the XII Central American and Caribbean Games is exhibited, along with a monumental arch that recalls the collective effort that gave rise to the old Metropolitan Park.\n\n\n<figure class=\"wp-block-gallery has-nested-images columns-default is-cropped wp-block-gallery-2 is-layout-flex wp-block-gallery-is-layout-flex\"><\/figure>\n\n\nAs the central axis of the complex, a full-body statue of Juan Ulises Garc\u00eda Saleta is erected, recreated at the moment of the inauguration of the XII Central American and Caribbean Games, an episode that marked a before and after for national sport. The space is completed with the official emblem of said games and the national and institutional flags.\n\nWith this delivery, the Juan Ulises Garc\u00eda Saleta Foundation reaffirms its mission to safeguard the historical memory of Dominican sports and to project to new generations the example of a leader who conceived Olympism as a school of values, discipline and hope for the country.\n\n\n<p class=\"wp-block-paragraph\"><\/p>\n","protected":false},"excerpt":{"rendered":"<p>Santo Domingo.- In an emotional act loaded with historical and sporting symbolism, the Juan Ulises Garc\u00eda Saleta Foundation formally inaugurated the Juan Ulises Garc\u00eda Saleta (Wiche) Olympic Plaza, a renovated space in the Juan Pablo Duarte Olympic Center conceived to pay permanent tribute to the man who laid the foundations of the Olympic movement in [&hellip;]<\/p>\n","protected":false},"author":27,"featured_media":0,"comment_status":"open","ping_status":"open","sticky":false,"template":"","format":"standard","meta":{"_acf_changed":false,"_jetpack_newsletter_access":"","_jetpack_dont_email_post_to_subs":false,"_jetpack_newsletter_tier_id":0,"_jetpack_memberships_contains_paywalled_content":false,"_jetpack_memberships_contains_paid_content":false,"footnotes":"","_members_access_role":[],"_members_access_error":""},"categories":[1],"tags":[],"class_list":["post-494898","post","type-post","status-publish","format-standard","category-uncategorized"],"acf":[],"jetpack_sharing_enabled":true,"jetpack_shortlink":"https:\/\/wp.me\/phj1q1-24Ke","jetpack_featured_media_url":"","dum_api":{"author_name":"Arelis Suero","author_image":"https:\/\/deultimominuto.com\/wp-content\/uploads\/2024\/03\/cropped-cropped-Diseno-sin-titulo-41-96x96.jpg","categories_name":["Uncategorized"],"featured_media_url":null},"_links":{"self":[{"href":"https:\/\/deultimominuto.com\/en\/wp-json\/wp\/v2\/posts\/494898","targetHints":{"allow":["GET"]}}],"collection":[{"href":"https:\/\/deultimominuto.com\/en\/wp-json\/wp\/v2\/posts"}],"about":[{"href":"https:\/\/deultimominuto.com\/en\/wp-json\/wp\/v2\/types\/post"}],"author":[{"embeddable":true,"href":"https:\/\/deultimominuto.com\/en\/wp-json\/wp\/v2\/users\/27"}],"replies":[{"embeddable":true,"href":"https:\/\/deultimominuto.com\/en\/wp-json\/wp\/v2\/comments?post=494898"}],"version-history":[{"count":0,"href":"https:\/\/deultimominuto.com\/en\/wp-json\/wp\/v2\/posts\/494898\/revisions"}],"wp:attachment":[{"href":"https:\/\/deultimominuto.com\/en\/wp-json\/wp\/v2\/media?parent=494898"}],"wp:term":[{"taxonomy":"category","embeddable":true,"href":"https:\/\/deultimominuto.com\/en\/wp-json\/wp\/v2\/categories?post=494898"},{"taxonomy":"post_tag","embeddable":true,"href":"https:\/\/deultimominuto.com\/en\/wp-json\/wp\/v2\/tags?post=494898"}],"curies":[{"name":"wp","href":"https:\/\/api.w.org\/{rel}","templated":true}]}}