{"id":495283,"date":"2025-12-21T18:09:10","date_gmt":"2025-12-21T22:09:10","guid":{"rendered":"https:\/\/deultimominuto.net\/en\/uncategorized\/dicrim-arrests-young-man-accused-of-homicide-in-salcedo\/"},"modified":"2025-12-21T18:09:10","modified_gmt":"2025-12-21T22:09:10","slug":"dicrim-arrests-young-man-accused-of-homicide-in-salcedo","status":"publish","type":"post","link":"https:\/\/deultimominuto.com\/en\/dominican-news\/dicrim-arrests-young-man-accused-of-homicide-in-salcedo\/","title":{"rendered":"Dicrim arrests young man accused of homicide in Salcedo"},"content":{"rendered":"\n<p class=\"wp-block-paragraph\"><strong>Salcedo.\u2013<\/strong> Members of the <strong>Criminal Investigations Department (Dicrim)<\/strong> arrested the young <strong>Emiliano Capell\u00e1n L\u00f3pez<\/strong>, who was <strong>a fugitive from justice<\/strong>, accused of taking the life of Mr. <strong>Francisco Alberto Rodr\u00edguez Garc\u00eda<\/strong>, in an event that occurred in the community <strong>El Matadero<\/strong>, municipality of Salcedo.<\/p>\n\n\nThe detainee was actively sought by the authorities, having been identified as the <strong>alleged perpetrator of the homicide<\/strong>. Thanks to intelligence and surveillance work, he was located and arrested <strong>without incident<\/strong>.\n\n\n<p class=\"wp-block-paragraph\"><strong>You may be interested in<\/strong>: <a href=\"https:\/\/ab.deultimominuto.net\/nacionales\/arrestan-a-martinez-hazim-senasa\/\" data-type=\"post\" data-id=\"578217\" target=\"_blank\" rel=\"noopener\">Authorities arrest Mart\u00ednez Hazim after appearing in Senasa case<\/a><\/p>\n\n\nChaplain L\u00f3pez will be made available to the <strong>Prosecutor&#8217;s Office of Hermanas Mirabal province<\/strong> in the next few hours, for the corresponding legal purposes and the continuation of the investigation process.\n\nWith this action, <strong>Lieutenant Sur\u00fan<\/strong> reaffirmed his commitment to offer a timely and effective response, working continuously in favor of <strong>citizen security<\/strong> and the <strong>strengthening of public order<\/strong>.\n\nIf you wish, I can make it <strong>shorter<\/strong>, <strong>more institutional<\/strong>, or adjust the <strong>police focus<\/strong>.\n\n\n<p class=\"wp-block-paragraph\"><strong>By Garcia Swat<\/strong><\/p>\n","protected":false},"excerpt":{"rendered":"<p>Salcedo.\u2013 Members of the Criminal Investigations Department (Dicrim) arrested the young Emiliano Capell\u00e1n L\u00f3pez, who was a fugitive from justice, accused of taking the life of Mr. Francisco Alberto Rodr\u00edguez Garc\u00eda, in an event that occurred in the community El Matadero, municipality of Salcedo. The detainee was actively sought by the authorities, having been identified [&hellip;]<\/p>\n","protected":false},"author":4,"featured_media":495284,"comment_status":"open","ping_status":"open","sticky":false,"template":"","format":"standard","meta":{"_acf_changed":false,"_jetpack_newsletter_access":"","_jetpack_dont_email_post_to_subs":false,"_jetpack_newsletter_tier_id":0,"_jetpack_memberships_contains_paywalled_content":false,"_jetpack_memberships_contains_paid_content":false,"footnotes":"","_members_access_role":[],"_members_access_error":""},"categories":[40216],"tags":[41545],"class_list":["post-495283","post","type-post","status-publish","format-standard","has-post-thumbnail","category-dominican-news","tag-they-arrest"],"acf":[],"jetpack_sharing_enabled":true,"jetpack_shortlink":"https:\/\/wp.me\/phj1q1-24Qr","jetpack_featured_media_url":"https:\/\/deultimominuto.com\/en\/wp-content\/uploads\/sites\/2\/2025\/12\/WhatsApp-Image-2025-12-21-at-4.25.17-PM.jpeg","dum_api":{"author_name":"Redacci\u00f3n De \u00daltimo Minuto","author_image":"https:\/\/deultimominuto.com\/wp-content\/uploads\/2025\/02\/cropped-logo-de-ultimo-minuto-96x96.png","categories_name":["Dominican News"],"featured_media_url":"https:\/\/cdn.deultimominuto.com\/en\/wp-content\/uploads\/sites\/2\/2025\/12\/WhatsApp-Image-2025-12-21-at-4.25.17-PM.jpeg"},"_links":{"self":[{"href":"https:\/\/deultimominuto.com\/en\/wp-json\/wp\/v2\/posts\/495283","targetHints":{"allow":["GET"]}}],"collection":[{"href":"https:\/\/deultimominuto.com\/en\/wp-json\/wp\/v2\/posts"}],"about":[{"href":"https:\/\/deultimominuto.com\/en\/wp-json\/wp\/v2\/types\/post"}],"author":[{"embeddable":true,"href":"https:\/\/deultimominuto.com\/en\/wp-json\/wp\/v2\/users\/4"}],"replies":[{"embeddable":true,"href":"https:\/\/deultimominuto.com\/en\/wp-json\/wp\/v2\/comments?post=495283"}],"version-history":[{"count":0,"href":"https:\/\/deultimominuto.com\/en\/wp-json\/wp\/v2\/posts\/495283\/revisions"}],"wp:featuredmedia":[{"embeddable":true,"href":"https:\/\/deultimominuto.com\/en\/wp-json\/wp\/v2\/media\/495284"}],"wp:attachment":[{"href":"https:\/\/deultimominuto.com\/en\/wp-json\/wp\/v2\/media?parent=495283"}],"wp:term":[{"taxonomy":"category","embeddable":true,"href":"https:\/\/deultimominuto.com\/en\/wp-json\/wp\/v2\/categories?post=495283"},{"taxonomy":"post_tag","embeddable":true,"href":"https:\/\/deultimominuto.com\/en\/wp-json\/wp\/v2\/tags?post=495283"}],"curies":[{"name":"wp","href":"https:\/\/api.w.org\/{rel}","templated":true}]}}