{"id":495819,"date":"2025-12-27T18:37:09","date_gmt":"2025-12-27T22:37:09","guid":{"rendered":"https:\/\/deultimominuto.net\/en\/uncategorized\/political-alliance-supports-jorge-asjana-davids-candidacy-for-the-rectorship-of-uasd\/"},"modified":"2025-12-27T18:40:58","modified_gmt":"2025-12-27T22:40:58","slug":"political-alliance-supports-jorge-asjana-davids-candidacy-for-the-rectorship-of-uasd","status":"publish","type":"post","link":"https:\/\/deultimominuto.com\/en\/uncategorized\/political-alliance-supports-jorge-asjana-davids-candidacy-for-the-rectorship-of-uasd\/","title":{"rendered":"Political alliance supports Jorge Asjana David&#8217;s candidacy for the Rectorship of UASD"},"content":{"rendered":"\n<p class=\"wp-block-paragraph\"><strong>Santo Domingo.\u2013<\/strong> The main political forces of the country, along with influential left-wing movements, have formed a broad alliance to support the candidacy of <strong>doctor Jorge Asjana David<\/strong> for the Rectorate for the period <strong>2026-2030<\/strong> of the Autonomous University of Santo Domingo (UASD).<\/p>\n\n\nThis plural alignment marks a milestone in national academic life, bringing together traditionally opposing currents around a common vision for the management of the Primada de Am\u00e9rica. A doctor with a recognized career and <strong>former vice-rector of teaching in two periods<\/strong>, Asjana David emerges as a figure of consensus capable of articulating institutional stability, dialogue and democratic strengthening within the academy.\n\n\n<p class=\"wp-block-paragraph\">Although historically the Executive Branch has kept its distance from university processes, prominent figures of the Modern Revolutionary Party (PRM) have publicly expressed their support for the candidacy. Among them is former President Hip\u00f3lito Mej\u00eda, considered one of the main political references of the ruling party.<\/p>\n\n\nAlso, high-level leaders have joined, such as Franklin Garc\u00eda Ferm\u00edn, Minister of Higher Education and former rector of UASD; Roberto Fulcar, president of the National Strategy Commission of the PRM; Guido G\u00f3mez Mazara, president of <a href=\"https:\/\/indotel.gob.do\/\" data-type=\"link\" data-id=\"https:\/\/indotel.gob.do\/\" target=\"_blank\" rel=\"noopener\">INDOTEL<\/a>; and Adolfo P\u00e9rez, director of INABIE.\n\n\n<h6 class=\"wp-block-heading has-text-align-center\"><strong>You may be interested in: <a href=\"https:\/\/ab.deultimominuto.net\/nacionales\/pld-respalda-candidatura\/\" target=\"_blank\" rel=\"noopener\">PLD supports Jorge Asjana David&#8217;s candidacy for rector<\/a><\/strong><\/h6>\n\n\nThe Dominican Liberation Party (PLD) formalized its support through its president, former president Danilo Medina, who assured that Asjana David&#8217;s academic proposal coincides with the principles and values of that organization. In this process, former rector Iv\u00e1n Grull\u00f3n Fern\u00e1ndez played a prominent role.\n\nSimilarly, sectors of the Fuerza del Pueblo (FP) are actively integrating into the project, with the participation of leaders from its Political Directorate such as Ra\u00fal Hern\u00e1ndez and Francisco Luciano, as well as a large team of academics who are part of the campaign structure.\n\nThe coalition expands with the unified support of left-wing movements, historically influential in the political and academic life of the UASD. Among the most significant endorsements is that of teacher Mar\u00eda Teresa Cabrera Ulloa, president of the Frente Amplio Party and former presidential candidate, in a gesture that symbolizes a rare consensus of these currents around a single candidacy.\n\nThe sectors that support Dr. Jorge Asjana David agree that his academic profile, his administrative experience, and his institutional trajectory represent a guarantee of governability, consensus, and democratic strengthening, qualities considered essential to face the challenges facing the state university in the coming years.\n\n\n<p class=\"wp-block-paragraph\"><\/p>\n","protected":false},"excerpt":{"rendered":"<p>Santo Domingo.\u2013 The main political forces of the country, along with influential left-wing movements, have formed a broad alliance to support the candidacy of doctor Jorge Asjana David for the Rectorate for the period 2026-2030 of the Autonomous University of Santo Domingo (UASD). This plural alignment marks a milestone in national academic life, bringing together [&hellip;]<\/p>\n","protected":false},"author":133543,"featured_media":0,"comment_status":"open","ping_status":"open","sticky":false,"template":"","format":"standard","meta":{"_acf_changed":false,"_jetpack_newsletter_access":"","_jetpack_dont_email_post_to_subs":false,"_jetpack_newsletter_tier_id":0,"_jetpack_memberships_contains_paywalled_content":false,"_jetpack_memberships_contains_paid_content":false,"footnotes":"","_members_access_role":[],"_members_access_error":""},"categories":[1],"tags":[],"class_list":["post-495819","post","type-post","status-publish","format-standard","category-uncategorized"],"acf":[],"jetpack_sharing_enabled":true,"jetpack_shortlink":"https:\/\/wp.me\/phj1q1-24Z5","jetpack_featured_media_url":"","dum_api":{"author_name":"Carolina \u00c1lvarez","author_image":"https:\/\/deultimominuto.com\/wp-content\/uploads\/2026\/05\/cropped-WhatsApp-Image-2026-05-26-at-5.31.57-PM-96x96.jpeg","categories_name":["Uncategorized"],"featured_media_url":null},"_links":{"self":[{"href":"https:\/\/deultimominuto.com\/en\/wp-json\/wp\/v2\/posts\/495819","targetHints":{"allow":["GET"]}}],"collection":[{"href":"https:\/\/deultimominuto.com\/en\/wp-json\/wp\/v2\/posts"}],"about":[{"href":"https:\/\/deultimominuto.com\/en\/wp-json\/wp\/v2\/types\/post"}],"author":[{"embeddable":true,"href":"https:\/\/deultimominuto.com\/en\/wp-json\/wp\/v2\/users\/133543"}],"replies":[{"embeddable":true,"href":"https:\/\/deultimominuto.com\/en\/wp-json\/wp\/v2\/comments?post=495819"}],"version-history":[{"count":0,"href":"https:\/\/deultimominuto.com\/en\/wp-json\/wp\/v2\/posts\/495819\/revisions"}],"wp:attachment":[{"href":"https:\/\/deultimominuto.com\/en\/wp-json\/wp\/v2\/media?parent=495819"}],"wp:term":[{"taxonomy":"category","embeddable":true,"href":"https:\/\/deultimominuto.com\/en\/wp-json\/wp\/v2\/categories?post=495819"},{"taxonomy":"post_tag","embeddable":true,"href":"https:\/\/deultimominuto.com\/en\/wp-json\/wp\/v2\/tags?post=495819"}],"curies":[{"name":"wp","href":"https:\/\/api.w.org\/{rel}","templated":true}]}}