{"id":495904,"date":"2025-12-28T21:50:28","date_gmt":"2025-12-29T01:50:28","guid":{"rendered":"https:\/\/deultimominuto.net\/en\/uncategorized\/my-son-was-an-athlete-not-a-gang-member-is-how-the-mother-of-the-young-man-shot-dead-in-la-caleta-describes-him\/"},"modified":"2025-12-28T21:56:36","modified_gmt":"2025-12-29T01:56:36","slug":"my-son-was-an-athlete-not-a-gang-member-is-how-the-mother-of-the-young-man-shot-dead-in-la-caleta-describes-him","status":"publish","type":"post","link":"https:\/\/deultimominuto.com\/en\/uncategorized\/my-son-was-an-athlete-not-a-gang-member-is-how-the-mother-of-the-young-man-shot-dead-in-la-caleta-describes-him\/","title":{"rendered":"&#8220;My son was an athlete, not a gang member,&#8221; is how the mother of the young man shot dead in La Caleta describes him."},"content":{"rendered":"<strong>Santo Domingo<\/strong>.- Between pain and indignation, \u00c1ngela Isabel Delgado Pi\u00f1a defended the memory of her son Elvin Sadel Urb\u00e1ez Delgado, 19 years old, who was shot to death on the night of December 26 while sharing with a group of friends in a space near his residence, in the La Caleta sector.\n\n&#8220;He was a kind, friendly, messy boy like any young person his age and very loving,&#8221; the mother expressed when describing her son, whom she defines as a young man dedicated to sports and far from criminal activities.\n\n\n<p class=\"wp-block-paragraph\"><strong>&#8220;My son was an athlete, not a gang member,&#8221;<\/strong> Angela stated through tears.<\/p>\n\n\nElvin Sadel&#8217;s main hobby was basketball, a discipline in which he excelled from an early age. According to his mother and neighbors, he was considered &#8220;<strong>one of the best in the neighborhood<\/strong>&#8221; and participated in his last tournament at the beginning of December. Coaches from different teams even came to watch him play, and he was recognized on several occasions as Most Valuable Player (MVP) in local tournaments.\n\n\u00c1ngela Delgado reported that the alleged perpetrators of the act grew up with her son and used to visit her house. &#8220;<strong>They grew up together, they came here to eat, but some time ago they distanced themselves because they were Pharisees<\/strong>,&#8221; she indicated, without offering further details.\n\n\n<h6 class=\"wp-block-heading has-text-align-center\"><strong>You may be interested in: <a href=\"https:\/\/ab.deultimominuto.net\/nacionales\/lamentan-muerte-joven-la-caleta\/\" target=\"_blank\" rel=\"noopener\">\u201cNeighbors mourn the shooting death of a young man in La Caleta\u201d<\/a><\/strong><\/h6>\n\n\nThe mother also rejected the statements of the spokesperson for the <a href=\"https:\/\/www.policianacional.gob.do\/\" data-type=\"link\" data-id=\"https:\/\/www.policianacional.gob.do\/\" target=\"_blank\" rel=\"noopener\">National Police<\/a>, Diego Pesqueira, who linked the crime to \u201c<strong>old personal grudges between groups in the area, including one called \u2018Los Macaos\u2019\u201d<\/strong>. Delgado described these statements as unfounded and assured that the authorities have not acted with due diligence.\n\n\n<blockquote class=\"wp-block-quote is-layout-flow wp-block-quote-is-layout-flow\">\n<p class=\"wp-block-paragraph\">\u201c<strong>They don&#8217;t want to do their job. They haven&#8217;t arrested anyone<\/strong>\u201d, he denounced.<\/p>\n<\/blockquote>\n\n\nElvin Sadel left his daughter <strong>Britney, who was barely a year old<\/strong>, orphaned, and she is still waiting for her father to return home.\n\nLikewise, \u00c1ngela Delgado requested justice not only for her deceased son, but also for Erwin Sadel, who remains hospitalized in a health center due to the same violent act.\n\n\n<blockquote class=\"wp-block-quote is-layout-flow wp-block-quote-is-layout-flow\">\n<p class=\"wp-block-paragraph\">\u201cI want the facts to be clarified and for my children&#8217;s name not to be tarnished. My son is not a bandit and I want justice as a mother,\u201d she concluded.<\/p>\n<\/blockquote>\n\n\nAuthorities reported that the case is still under investigation.\n\n\n<figure class=\"wp-block-gallery has-nested-images columns-default is-cropped wp-block-gallery-1 is-layout-flex wp-block-gallery-is-layout-flex\">\n<figure class=\"wp-block-image size-large\"><img decoding=\"async\" data-id=\"586723\" src=\"https:\/\/ab.deultimominuto.net\/wp-content\/uploads\/2025\/12\/WhatsApp-Image-2025-12-28-at-6.51.36-PM-759x1024.jpeg\" alt=\"\" class=\"wp-image-586723\" title=\"\"><\/figure>\n\n\n\n<figure class=\"wp-block-image size-large\"><img decoding=\"async\" data-id=\"586725\" src=\"https:\/\/ab.deultimominuto.net\/wp-content\/uploads\/2025\/12\/WhatsApp-Image-2025-12-28-at-6.51.37-PM-768x1024.jpeg\" alt=\"\" class=\"wp-image-586725\" title=\"\"><\/figure>\n\n\n\n<figure class=\"wp-block-image size-large\"><img decoding=\"async\" data-id=\"586724\" src=\"https:\/\/ab.deultimominuto.net\/wp-content\/uploads\/2025\/12\/WhatsApp-Image-2025-12-28-at-8.51.15-PM-679x1024.jpeg\" alt=\"\" class=\"wp-image-586724\" title=\"\"><\/figure>\n<\/figure>\n","protected":false},"excerpt":{"rendered":"<p>Santo Domingo.- Between pain and indignation, \u00c1ngela Isabel Delgado Pi\u00f1a defended the memory of her son Elvin Sadel Urb\u00e1ez Delgado, 19 years old, who was shot to death on the night of December 26 while sharing with a group of friends in a space near his residence, in the La Caleta sector. &#8220;He was a [&hellip;]<\/p>\n","protected":false},"author":133543,"featured_media":0,"comment_status":"open","ping_status":"open","sticky":false,"template":"","format":"standard","meta":{"_acf_changed":false,"_jetpack_newsletter_access":"","_jetpack_dont_email_post_to_subs":false,"_jetpack_newsletter_tier_id":0,"_jetpack_memberships_contains_paywalled_content":false,"_jetpack_memberships_contains_paid_content":false,"footnotes":"","_members_access_role":[],"_members_access_error":""},"categories":[1],"tags":[],"class_list":["post-495904","post","type-post","status-publish","format-standard","category-uncategorized"],"acf":[],"jetpack_sharing_enabled":true,"jetpack_shortlink":"https:\/\/wp.me\/phj1q1-250s","jetpack_featured_media_url":"","dum_api":{"author_name":"Carolina \u00c1lvarez","author_image":"https:\/\/deultimominuto.com\/wp-content\/uploads\/2026\/05\/cropped-WhatsApp-Image-2026-05-26-at-5.31.57-PM-96x96.jpeg","categories_name":["Uncategorized"],"featured_media_url":null},"_links":{"self":[{"href":"https:\/\/deultimominuto.com\/en\/wp-json\/wp\/v2\/posts\/495904","targetHints":{"allow":["GET"]}}],"collection":[{"href":"https:\/\/deultimominuto.com\/en\/wp-json\/wp\/v2\/posts"}],"about":[{"href":"https:\/\/deultimominuto.com\/en\/wp-json\/wp\/v2\/types\/post"}],"author":[{"embeddable":true,"href":"https:\/\/deultimominuto.com\/en\/wp-json\/wp\/v2\/users\/133543"}],"replies":[{"embeddable":true,"href":"https:\/\/deultimominuto.com\/en\/wp-json\/wp\/v2\/comments?post=495904"}],"version-history":[{"count":0,"href":"https:\/\/deultimominuto.com\/en\/wp-json\/wp\/v2\/posts\/495904\/revisions"}],"wp:attachment":[{"href":"https:\/\/deultimominuto.com\/en\/wp-json\/wp\/v2\/media?parent=495904"}],"wp:term":[{"taxonomy":"category","embeddable":true,"href":"https:\/\/deultimominuto.com\/en\/wp-json\/wp\/v2\/categories?post=495904"},{"taxonomy":"post_tag","embeddable":true,"href":"https:\/\/deultimominuto.com\/en\/wp-json\/wp\/v2\/tags?post=495904"}],"curies":[{"name":"wp","href":"https:\/\/api.w.org\/{rel}","templated":true}]}}