{"id":496310,"date":"2026-01-01T09:40:54","date_gmt":"2026-01-01T13:40:54","guid":{"rendered":"https:\/\/deultimominuto.net\/en\/uncategorized\/maria-corina-machado-and-edmundo-gonzalez-proclaimed-2026-as-the-year-of-freedom-in-venezuela\/"},"modified":"2026-01-01T09:46:37","modified_gmt":"2026-01-01T13:46:37","slug":"maria-corina-machado-and-edmundo-gonzalez-proclaimed-2026-as-the-year-of-freedom-in-venezuela","status":"publish","type":"post","link":"https:\/\/deultimominuto.com\/en\/uncategorized\/maria-corina-machado-and-edmundo-gonzalez-proclaimed-2026-as-the-year-of-freedom-in-venezuela\/","title":{"rendered":"Mar\u00eda Corina Machado and Edmundo Gonz\u00e1lez proclaimed 2026 as the year of freedom in Venezuela"},"content":{"rendered":"<strong>Caracas<\/strong>.\u2013 Venezuelan opposition leader and Nobel Peace Prize laureate, Mar\u00eda Corina Machado, along with former presidential candidate Edmundo Gonz\u00e1lez Urrutia, proclaimed 2026 as the year of freedom in Venezuela, assuring that the country has advanced in unity, citizen awareness, and international support to achieve a political transition.\n\nThe announcement was made through a New Year&#8217;s message broadcast on social media, in which both leaders expressed their confidence that next year will mark a turning point for the country. Machado stated that Venezuela is today &#8220;a country different from a year ago&#8221;, more aware of its collective strength, more united in the essentials and with greater clarity about what it is not willing to accept again.\n\nThe opposition leader, Mar\u00eda Corina, also highlighted the role of international allies, emphasizing that the effort made during 2025 has strengthened Venezuela&#8217;s image before the world. &#8220;<strong>For the whole world, the name of Venezuela means nobility, courage, and an infinite love for freedom<\/strong>,&#8221; she stated, while acknowledging that the path has not been without challenges.\n\n\n<h6 class=\"wp-block-heading has-text-align-center\"><strong>You can also read: <a href=\"https:\/\/ab.deultimominuto.net\/internacionales\/de-venezuela-a-curazao-ee-uu-y-noruega-la-odisea-de-maria-corina-machado-por-el-premio-nobel-de-paz\/\" target=\"_blank\" rel=\"noopener\">From Venezuela to Cura\u00e7ao, USA and Norway: the odyssey of Mar\u00eda Corina Machado for the Nobel Peace Prize | De \u00daltimo Minuto<\/a><\/strong><\/h6>\n\n\n<p><a href=\"https:\/\/www.youtube.com\/watch?v=aAmubCveDZI\" data-type=\"link\" data-id=\"https:\/\/www.youtube.com\/watch?v=aAmubCveDZI\" target=\"_blank\" rel=\"noopener\">Machado <\/a>also pointed out that, despite the daily difficulties, significant progress was made during 2025, which allows us to affirm that the country is close to achieving the longing for freedom. <\/p>\n\n\n<blockquote class=\"wp-block-quote is-layout-flow wp-block-quote-is-layout-flow\">\n<p class=\"wp-block-paragraph\">&#8220;In the struggle, new challenges appear, but also conquests that bring us closer to what we have always dreamed of,&#8221; expressed the 2025 Nobel Peace Prize winner.<\/p>\n<\/blockquote>\n\n\nFor his part, Edmundo Gonz\u00e1lez assured that the year that ends &#8220;<strong>has not been easy<\/strong>&#8220;, but it has marked &#8220;a before and after in the contemporary history of Venezuela&#8221;. He stressed that the difficulties faced have strengthened the resilience of the Venezuelan people and their commitment to a democratic, possible and realistic path.\n\n\n<p class=\"wp-block-paragraph\">Both leaders agreed that the decision to move towards a political change was already made by the citizenry and that, despite the obstacles, there is no turning back. \u201cThis path requires patience and mutual trust, but it is firm and we are going to travel it together. Venezuela is going to change and it is going to do it well\u201d, they pointed out.<\/p>\n\n\nThe joint statement comes after the fraud allegations in the 2024 presidential elections, which led both leaders into exile for security reasons. Machado left the country to receive the Nobel Peace Prize after remaining hidden for months, while Gonz\u00e1lez moved to Spain in September 2024 after denouncing political persecution.\n\nThe Venezuelan political situation continues to be marked by the physical absence of its main opposition leaders, while the citizenry closely follows their messages, which reaffirm the commitment to civic mobilization and the democratic path as a way towards change in the country.","protected":false},"excerpt":{"rendered":"<p>Caracas.\u2013 Venezuelan opposition leader and Nobel Peace Prize laureate, Mar\u00eda Corina Machado, along with former presidential candidate Edmundo Gonz\u00e1lez Urrutia, proclaimed 2026 as the year of freedom in Venezuela, assuring that the country has advanced in unity, citizen awareness, and international support to achieve a political transition. The announcement was made through a New Year&#8217;s [&hellip;]<\/p>\n","protected":false},"author":133543,"featured_media":0,"comment_status":"open","ping_status":"open","sticky":false,"template":"","format":"standard","meta":{"_acf_changed":false,"_jetpack_newsletter_access":"","_jetpack_dont_email_post_to_subs":false,"_jetpack_newsletter_tier_id":0,"_jetpack_memberships_contains_paywalled_content":false,"_jetpack_memberships_contains_paid_content":false,"footnotes":"","_members_access_role":[],"_members_access_error":""},"categories":[1],"tags":[],"class_list":["post-496310","post","type-post","status-publish","format-standard","category-uncategorized"],"acf":[],"jetpack_sharing_enabled":true,"jetpack_shortlink":"https:\/\/wp.me\/phj1q1-2570","jetpack_featured_media_url":"","dum_api":{"author_name":"Carolina \u00c1lvarez","author_image":"https:\/\/deultimominuto.com\/wp-content\/uploads\/2026\/05\/cropped-WhatsApp-Image-2026-05-26-at-5.31.57-PM-96x96.jpeg","categories_name":["Uncategorized"],"featured_media_url":null},"_links":{"self":[{"href":"https:\/\/deultimominuto.com\/en\/wp-json\/wp\/v2\/posts\/496310","targetHints":{"allow":["GET"]}}],"collection":[{"href":"https:\/\/deultimominuto.com\/en\/wp-json\/wp\/v2\/posts"}],"about":[{"href":"https:\/\/deultimominuto.com\/en\/wp-json\/wp\/v2\/types\/post"}],"author":[{"embeddable":true,"href":"https:\/\/deultimominuto.com\/en\/wp-json\/wp\/v2\/users\/133543"}],"replies":[{"embeddable":true,"href":"https:\/\/deultimominuto.com\/en\/wp-json\/wp\/v2\/comments?post=496310"}],"version-history":[{"count":0,"href":"https:\/\/deultimominuto.com\/en\/wp-json\/wp\/v2\/posts\/496310\/revisions"}],"wp:attachment":[{"href":"https:\/\/deultimominuto.com\/en\/wp-json\/wp\/v2\/media?parent=496310"}],"wp:term":[{"taxonomy":"category","embeddable":true,"href":"https:\/\/deultimominuto.com\/en\/wp-json\/wp\/v2\/categories?post=496310"},{"taxonomy":"post_tag","embeddable":true,"href":"https:\/\/deultimominuto.com\/en\/wp-json\/wp\/v2\/tags?post=496310"}],"curies":[{"name":"wp","href":"https:\/\/api.w.org\/{rel}","templated":true}]}}