{"id":496454,"date":"2026-01-02T14:03:36","date_gmt":"2026-01-02T18:03:36","guid":{"rendered":"https:\/\/deultimominuto.net\/en\/uncategorized\/alberto-zayas-will-be-the-general-producer-of-the-inaugural-ceremony-of-the-2026-central-american-and-caribbean-games\/"},"modified":"2026-01-02T14:11:47","modified_gmt":"2026-01-02T18:11:47","slug":"alberto-zayas-will-be-the-general-producer-of-the-inaugural-ceremony-of-the-2026-central-american-and-caribbean-games","status":"publish","type":"post","link":"https:\/\/deultimominuto.com\/en\/sports\/alberto-zayas-will-be-the-general-producer-of-the-inaugural-ceremony-of-the-2026-central-american-and-caribbean-games\/","title":{"rendered":"Alberto Zayas will be the general producer of the inaugural ceremony of the 2026 Central American and Caribbean Games"},"content":{"rendered":"\n<p class=\"wp-block-paragraph\"><strong>Santo Domingo.\u2013<\/strong> The renowned audiovisual producer and director <strong>Alberto Zayas<\/strong> was officially presented as the <strong>General Producer of the opening ceremony of the XXV Central American and Caribbean Games Santo Domingo 2026<\/strong>, whose opening is scheduled for <strong>July 24, 2026<\/strong> at the <strong>F\u00e9lix S\u00e1nchez Olympic Stadium<\/strong>.<\/p>\n\n\nThe announcement was made by &#8220;Col\u00ed&#8221;, who welcomed Zayas, highlighting his career and enthusiasm for one of the most important sporting and cultural events that the country will celebrate.\n\n\n<p class=\"wp-block-paragraph\"><strong>You may be interested in: <\/strong><a href=\"https:\/\/ab.deultimominuto.net\/tag\/juegos-centroamericanos-y-del-caribe\/\" data-type=\"post_tag\" data-id=\"22670\" target=\"_blank\" rel=\"noopener\">Central American and Caribbean Games<\/a><\/p>\n\n\nThe opening ceremony will mark the beginning of a great sporting event that will bring together <strong>more than 6,000 athletes<\/strong> from different countries in <strong>Central America and the Caribbean<\/strong>, and will serve as an international showcase to project the Dominican identity.\n\nWith <strong>over 30 years of experience<\/strong>, Alberto Zayas is considered one of the most influential audiovisual producers in the country. Through <strong>AZ Films Producciones<\/strong>, he will take on the challenge of designing a large-scale show that will integrate <strong>history, culture, music, art, technology, and national talent<\/strong>, with the aim of offering an innovative and emotional experience.\n\nThe project will have a <strong>high-level creative team<\/strong>, and promises a modern ceremony full of symbolism, designed to exalt Dominican pride and leave a lasting impression on both the local and international public.\n\nThe Games organization highlighted that this artistic proposal seeks to elevate the spirit of regional integration and position the Dominican Republic as a benchmark in the production of world-class events.","protected":false},"excerpt":{"rendered":"<p>Santo Domingo.\u2013 The renowned audiovisual producer and director Alberto Zayas was officially presented as the General Producer of the opening ceremony of the XXV Central American and Caribbean Games Santo Domingo 2026, whose opening is scheduled for July 24, 2026 at the F\u00e9lix S\u00e1nchez Olympic Stadium. The announcement was made by &#8220;Col\u00ed&#8221;, who welcomed Zayas, [&hellip;]<\/p>\n","protected":false},"author":4,"featured_media":496455,"comment_status":"open","ping_status":"open","sticky":false,"template":"","format":"standard","meta":{"_acf_changed":false,"_jetpack_newsletter_access":"","_jetpack_dont_email_post_to_subs":false,"_jetpack_newsletter_tier_id":0,"_jetpack_memberships_contains_paywalled_content":false,"_jetpack_memberships_contains_paid_content":false,"footnotes":"","_members_access_role":[],"_members_access_error":""},"categories":[6],"tags":[16022],"class_list":["post-496454","post","type-post","status-publish","format-standard","has-post-thumbnail","category-sports","tag-alberto-zayas"],"acf":[],"jetpack_sharing_enabled":true,"jetpack_shortlink":"https:\/\/wp.me\/phj1q1-259k","jetpack_featured_media_url":"https:\/\/deultimominuto.com\/en\/wp-content\/uploads\/sites\/2\/2026\/01\/WhatsApp-Image-2026-01-02-at-1.53.55-PM.jpeg","dum_api":{"author_name":"Redacci\u00f3n De \u00daltimo Minuto","author_image":"https:\/\/deultimominuto.com\/wp-content\/uploads\/2025\/02\/cropped-logo-de-ultimo-minuto-96x96.png","categories_name":["Sports"],"featured_media_url":"https:\/\/cdn.deultimominuto.com\/en\/wp-content\/uploads\/sites\/2\/2026\/01\/WhatsApp-Image-2026-01-02-at-1.53.55-PM.jpeg"},"_links":{"self":[{"href":"https:\/\/deultimominuto.com\/en\/wp-json\/wp\/v2\/posts\/496454","targetHints":{"allow":["GET"]}}],"collection":[{"href":"https:\/\/deultimominuto.com\/en\/wp-json\/wp\/v2\/posts"}],"about":[{"href":"https:\/\/deultimominuto.com\/en\/wp-json\/wp\/v2\/types\/post"}],"author":[{"embeddable":true,"href":"https:\/\/deultimominuto.com\/en\/wp-json\/wp\/v2\/users\/4"}],"replies":[{"embeddable":true,"href":"https:\/\/deultimominuto.com\/en\/wp-json\/wp\/v2\/comments?post=496454"}],"version-history":[{"count":0,"href":"https:\/\/deultimominuto.com\/en\/wp-json\/wp\/v2\/posts\/496454\/revisions"}],"wp:featuredmedia":[{"embeddable":true,"href":"https:\/\/deultimominuto.com\/en\/wp-json\/wp\/v2\/media\/496455"}],"wp:attachment":[{"href":"https:\/\/deultimominuto.com\/en\/wp-json\/wp\/v2\/media?parent=496454"}],"wp:term":[{"taxonomy":"category","embeddable":true,"href":"https:\/\/deultimominuto.com\/en\/wp-json\/wp\/v2\/categories?post=496454"},{"taxonomy":"post_tag","embeddable":true,"href":"https:\/\/deultimominuto.com\/en\/wp-json\/wp\/v2\/tags?post=496454"}],"curies":[{"name":"wp","href":"https:\/\/api.w.org\/{rel}","templated":true}]}}