{"id":496547,"date":"2026-01-03T09:19:51","date_gmt":"2026-01-03T13:19:51","guid":{"rendered":"https:\/\/deultimominuto.net\/en\/uncategorized\/san-juan-airport-suspends-most-of-its-flights-after-us-attack-against-venezuela\/"},"modified":"2026-01-03T09:19:51","modified_gmt":"2026-01-03T13:19:51","slug":"san-juan-airport-suspends-most-of-its-flights-after-us-attack-against-venezuela","status":"publish","type":"post","link":"https:\/\/deultimominuto.com\/en\/uncategorized\/san-juan-airport-suspends-most-of-its-flights-after-us-attack-against-venezuela\/","title":{"rendered":"San Juan Airport suspends most of its flights after US attack against Venezuela"},"content":{"rendered":"<strong>San Juan<\/strong>.- The executive director of the Puerto Rico Ports Authority, Norberto Negr\u00f3n, reported this Saturday that the Luis Mu\u00f1oz Mar\u00edn airport in San Juan, and six others, have had their flights canceled for safety following the United States military attack against Venezuela.\n\nThe airports are the international Rafael Hern\u00e1ndez in Aguadilla and Merceditas in Ponce, the regional Fernando Ribas Dominicci in Isla Grande (San Juan), Jos\u00e9 Aponte De la Torre in Ceiba, Benjam\u00edn Rivera and Antonio Rivera, in the island-municipalities of Culebra and Vieques, respectively, Negr\u00f3n detailed in a statement.\n\nNegr\u00f3n confirmed that commercial airspace at Luis Mu\u00f1oz Mar\u00edn International Airport, in San Juan, has been closed by order of the Federal Aviation Administration until tomorrow, Sunday.\n\nThe head of Ports also said that he is in continuous communication with the management of the company Aerostar Holdings, operator of the San Juan airfield, in order to provide support to passengers who may be affected by this action.\n\n\n<h6 class=\"wp-block-heading has-text-align-center\"><strong>You can also read: <a href=\"https:\/\/ab.deultimominuto.net\/internacionales\/muertos-en-accidente-aereo-eeuu\/\" target=\"_blank\" rel=\"noopener\"><a href=\"https:\/\/ab.deultimominuto.net\/internacionales\/el-aeropuerto-de-dublin-cancela-42-vuelos-por-la-tormenta-bran\/\" target=\"_blank\" rel=\"noopener\">Dublin Airport cancels 42 flights due to storm Bran<\/a><\/a><\/strong><\/h6>\n\n\n\n<blockquote class=\"wp-block-quote is-layout-flow wp-block-quote-is-layout-flow\">\n<p class=\"wp-block-paragraph\">&#8220;This could cause a disruption in flights to and from this, the main airport in the Caribbean. Faced with this, the Ports Authority is closely monitoring the situation,&#8221; said Negr\u00f3n.<\/p>\n<\/blockquote>\n\n\nHe also said that he is evaluating the actions to be taken when the FAA order is lifted &#8220;and how flight patterns will be established, both departure and <a href=\"https:\/\/www.youtube.com\/watch?v=AKIx3XSmFRI\" data-type=\"link\" data-id=\"https:\/\/www.youtube.com\/watch?v=AKIx3XSmFRI\" target=\"_blank\" rel=\"noopener\">arrival<\/a>&#8220;. \n\n&#8220;We urge all passengers with flights today and tomorrow to promptly contact their airlines to find out the status of their flights and the contingencies that these airlines will implement to mitigate any situation,&#8221; he added.","protected":false},"excerpt":{"rendered":"<p>San Juan.- The executive director of the Puerto Rico Ports Authority, Norberto Negr\u00f3n, reported this Saturday that the Luis Mu\u00f1oz Mar\u00edn airport in San Juan, and six others, have had their flights canceled for safety following the United States military attack against Venezuela. The airports are the international Rafael Hern\u00e1ndez in Aguadilla and Merceditas in [&hellip;]<\/p>\n","protected":false},"author":133543,"featured_media":0,"comment_status":"open","ping_status":"open","sticky":false,"template":"","format":"standard","meta":{"_acf_changed":false,"_jetpack_newsletter_access":"","_jetpack_dont_email_post_to_subs":false,"_jetpack_newsletter_tier_id":0,"_jetpack_memberships_contains_paywalled_content":false,"_jetpack_memberships_contains_paid_content":false,"footnotes":"","_members_access_role":[],"_members_access_error":""},"categories":[1],"tags":[],"class_list":["post-496547","post","type-post","status-publish","format-standard","category-uncategorized"],"acf":[],"jetpack_sharing_enabled":true,"jetpack_shortlink":"https:\/\/wp.me\/phj1q1-25aP","jetpack_featured_media_url":"","dum_api":{"author_name":"Carolina \u00c1lvarez","author_image":"https:\/\/deultimominuto.com\/wp-content\/uploads\/2026\/05\/cropped-WhatsApp-Image-2026-05-26-at-5.31.57-PM-96x96.jpeg","categories_name":["Uncategorized"],"featured_media_url":null},"_links":{"self":[{"href":"https:\/\/deultimominuto.com\/en\/wp-json\/wp\/v2\/posts\/496547","targetHints":{"allow":["GET"]}}],"collection":[{"href":"https:\/\/deultimominuto.com\/en\/wp-json\/wp\/v2\/posts"}],"about":[{"href":"https:\/\/deultimominuto.com\/en\/wp-json\/wp\/v2\/types\/post"}],"author":[{"embeddable":true,"href":"https:\/\/deultimominuto.com\/en\/wp-json\/wp\/v2\/users\/133543"}],"replies":[{"embeddable":true,"href":"https:\/\/deultimominuto.com\/en\/wp-json\/wp\/v2\/comments?post=496547"}],"version-history":[{"count":0,"href":"https:\/\/deultimominuto.com\/en\/wp-json\/wp\/v2\/posts\/496547\/revisions"}],"wp:attachment":[{"href":"https:\/\/deultimominuto.com\/en\/wp-json\/wp\/v2\/media?parent=496547"}],"wp:term":[{"taxonomy":"category","embeddable":true,"href":"https:\/\/deultimominuto.com\/en\/wp-json\/wp\/v2\/categories?post=496547"},{"taxonomy":"post_tag","embeddable":true,"href":"https:\/\/deultimominuto.com\/en\/wp-json\/wp\/v2\/tags?post=496547"}],"curies":[{"name":"wp","href":"https:\/\/api.w.org\/{rel}","templated":true}]}}