{"id":497276,"date":"2026-01-09T21:05:13","date_gmt":"2026-01-10T01:05:13","guid":{"rendered":"https:\/\/deultimominuto.net\/en\/uncategorized\/unknown-individuals-shoot-at-vehicle-of-ccr-rafeys-deputy-director-and-wound-public-transport-driver-in-santiago\/"},"modified":"2026-01-09T21:05:13","modified_gmt":"2026-01-10T01:05:13","slug":"unknown-individuals-shoot-at-vehicle-of-ccr-rafeys-deputy-director-and-wound-public-transport-driver-in-santiago","status":"publish","type":"post","link":"https:\/\/deultimominuto.com\/en\/uncategorized\/unknown-individuals-shoot-at-vehicle-of-ccr-rafeys-deputy-director-and-wound-public-transport-driver-in-santiago\/","title":{"rendered":"Unknown individuals shoot at vehicle of CCR Rafey&#8217;s deputy director and wound public transport driver in Santiago"},"content":{"rendered":"<strong>Santiago<\/strong>.- Unknown individuals on a motorcycle shot at the vehicle in which the deputy director of the Rafey Correction and Rehabilitation Center was traveling on Friday night, in an incident that occurred in the Monterico sector, of the Santiago Oeste municipal district, leaving a public transport driver seriously injured.\n\nThe official, identified as Laura, was traveling in a white Mitsubishi Montero Sport SUV and was unharmed during the attack, despite the vehicle receiving at least seven bullet impacts, according to preliminary information.\n\nDuring the shooting, Crecencio Nolasco Cruz, driver of route F, who was passing through the area at the time of the incident, was hit by a shot.\n\nThe man was rushed to the Jos\u00e9 Mar\u00eda Cabral y B\u00e1ez regional university hospital, where he remains admitted in a delicate condition.\n\n\n<h6 class=\"wp-block-heading has-text-align-center\"><strong>You can also read: <a href=\"https:\/\/ab.deultimominuto.net\/nacionales\/desconocidos-tirotean-guagua\/\" target=\"_blank\" rel=\"noopener\">Unknown persons shoot at a bus in the Ercilia Pep\u00edn sector<\/a><\/strong><\/h6>\n\n\nThe attack occurred around 6:25 in the evening, when the deputy director was leaving to have dinner from a commercial establishment known as Petecom Pollo, located on Tamboril Avenue, in the Monterico sector.\n\nAccording to reports, the attackers approached the vehicle and opened fire without a word, immediately fleeing in an unknown direction.\n\nAgents from the Central Directorate of Criminal Investigations (Dicrim) arrived at the scene to collect evidence, gather shell casings, and deepen the investigations with the aim of identifying those responsible and establishing the motives for the attack.\n\nSo far, the authorities have not offered further details about the case nor have they reported whether the attack was specifically directed against the official or if it was a circumstantial event.","protected":false},"excerpt":{"rendered":"<p>Santiago.- Unknown individuals on a motorcycle shot at the vehicle in which the deputy director of the Rafey Correction and Rehabilitation Center was traveling on Friday night, in an incident that occurred in the Monterico sector, of the Santiago Oeste municipal district, leaving a public transport driver seriously injured. The official, identified as Laura, was [&hellip;]<\/p>\n","protected":false},"author":133543,"featured_media":0,"comment_status":"open","ping_status":"open","sticky":false,"template":"","format":"standard","meta":{"_acf_changed":false,"_jetpack_newsletter_access":"","_jetpack_dont_email_post_to_subs":false,"_jetpack_newsletter_tier_id":0,"_jetpack_memberships_contains_paywalled_content":false,"_jetpack_memberships_contains_paid_content":false,"footnotes":"","_members_access_role":[],"_members_access_error":""},"categories":[1],"tags":[],"class_list":["post-497276","post","type-post","status-publish","format-standard","category-uncategorized"],"acf":[],"jetpack_sharing_enabled":true,"jetpack_shortlink":"https:\/\/wp.me\/phj1q1-25mA","jetpack_featured_media_url":"","dum_api":{"author_name":"Carolina \u00c1lvarez","author_image":"https:\/\/deultimominuto.com\/wp-content\/uploads\/2026\/05\/cropped-WhatsApp-Image-2026-05-26-at-5.31.57-PM-96x96.jpeg","categories_name":["Uncategorized"],"featured_media_url":null},"_links":{"self":[{"href":"https:\/\/deultimominuto.com\/en\/wp-json\/wp\/v2\/posts\/497276","targetHints":{"allow":["GET"]}}],"collection":[{"href":"https:\/\/deultimominuto.com\/en\/wp-json\/wp\/v2\/posts"}],"about":[{"href":"https:\/\/deultimominuto.com\/en\/wp-json\/wp\/v2\/types\/post"}],"author":[{"embeddable":true,"href":"https:\/\/deultimominuto.com\/en\/wp-json\/wp\/v2\/users\/133543"}],"replies":[{"embeddable":true,"href":"https:\/\/deultimominuto.com\/en\/wp-json\/wp\/v2\/comments?post=497276"}],"version-history":[{"count":0,"href":"https:\/\/deultimominuto.com\/en\/wp-json\/wp\/v2\/posts\/497276\/revisions"}],"wp:attachment":[{"href":"https:\/\/deultimominuto.com\/en\/wp-json\/wp\/v2\/media?parent=497276"}],"wp:term":[{"taxonomy":"category","embeddable":true,"href":"https:\/\/deultimominuto.com\/en\/wp-json\/wp\/v2\/categories?post=497276"},{"taxonomy":"post_tag","embeddable":true,"href":"https:\/\/deultimominuto.com\/en\/wp-json\/wp\/v2\/tags?post=497276"}],"curies":[{"name":"wp","href":"https:\/\/api.w.org\/{rel}","templated":true}]}}