{"id":497303,"date":"2026-01-10T10:20:01","date_gmt":"2026-01-10T14:20:01","guid":{"rendered":"https:\/\/deultimominuto.net\/en\/uncategorized\/public-transport-driver-dies-after-shooting-attack-on-vehicle-of-the-deputy-director-of-ccr-rafey-in-santiago\/"},"modified":"2026-01-10T10:20:01","modified_gmt":"2026-01-10T14:20:01","slug":"public-transport-driver-dies-after-shooting-attack-on-vehicle-of-the-deputy-director-of-ccr-rafey-in-santiago","status":"publish","type":"post","link":"https:\/\/deultimominuto.com\/en\/uncategorized\/public-transport-driver-dies-after-shooting-attack-on-vehicle-of-the-deputy-director-of-ccr-rafey-in-santiago\/","title":{"rendered":"Public transport driver dies after shooting attack on vehicle of the deputy director of CCR Rafey in Santiago"},"content":{"rendered":"<strong>Santiago.- <\/strong>Crecencio Nolasco Cruz, a driver for route F of public transportation, passed away on the night of this Friday. He had been seriously injured during a shooting attack perpetrated by unknown individuals against the vehicle in which the deputy director of the Rafey Correction and Rehabilitation Center was traveling, in an incident that occurred in the Monterico sector of the Santiago Oeste municipal district.\n\nThe driver was hit by a bullet while traveling through the area and was urgently transferred to the Jos\u00e9 Mar\u00eda Cabral y B\u00e1ez regional university hospital, where, despite medical efforts, he lost his life due to the severity of the injury.\n\nIn the attack, the deputy director of the CCR Rafey, identified as Laura, was unharmed. The official was traveling in a white Mitsubishi Montero Sport SUV, which received at least seven bullet impacts, according to preliminary information.\n\n\n<h4 class=\"wp-block-heading\"><strong>You can also read: <a href=\"https:\/\/ab.deultimominuto.net\/nacionales\/desconocidos-atacan-a-tiros\/\" target=\"_blank\" rel=\"noopener\">Unknown individuals attack with shots vehicle of the deputy director of the CCR Rafey and injure driver of public transport in Santiago<\/a><\/strong><\/h4>\n\n\nThe incident was recorded around 6:25 in the evening, when the official was leaving a restaurant known as Petecom Pollo, located on Tamboril Avenue, in the Monterico sector.\n\nAccording to the data provided, the attackers were riding a motorcycle and opened fire without a word, fleeing immediately after committing the act.\n\nAgents from the Central Directorate of Criminal Investigations (Dicrim) arrived at the scene to conduct the corresponding investigation, collect ballistic evidence, and deepen the investigations in order to identify those responsible and clarify the circumstances of the attack.\n\nSo far, authorities have not offered additional details nor have they established whether the attack was specifically directed against the official or if it was a collateral event that ended up taking the life of the public transport driver.","protected":false},"excerpt":{"rendered":"<p>Santiago.- Crecencio Nolasco Cruz, a driver for route F of public transportation, passed away on the night of this Friday. He had been seriously injured during a shooting attack perpetrated by unknown individuals against the vehicle in which the deputy director of the Rafey Correction and Rehabilitation Center was traveling, in an incident that occurred [&hellip;]<\/p>\n","protected":false},"author":111,"featured_media":0,"comment_status":"open","ping_status":"open","sticky":false,"template":"","format":"standard","meta":{"_acf_changed":false,"_jetpack_newsletter_access":"","_jetpack_dont_email_post_to_subs":false,"_jetpack_newsletter_tier_id":0,"_jetpack_memberships_contains_paywalled_content":false,"_jetpack_memberships_contains_paid_content":false,"footnotes":"","_members_access_role":[],"_members_access_error":""},"categories":[1],"tags":[],"class_list":["post-497303","post","type-post","status-publish","format-standard","category-uncategorized"],"acf":[],"jetpack_sharing_enabled":true,"jetpack_shortlink":"https:\/\/wp.me\/phj1q1-25n1","jetpack_featured_media_url":"","dum_api":{"author_name":"Ana Laura L\u00f3pez","author_image":"https:\/\/deultimominuto.com\/wp-content\/uploads\/2025\/01\/cropped-WhatsApp-Image-2025-01-29-at-1.45.56-PM-96x96.jpeg","categories_name":["Uncategorized"],"featured_media_url":null},"_links":{"self":[{"href":"https:\/\/deultimominuto.com\/en\/wp-json\/wp\/v2\/posts\/497303","targetHints":{"allow":["GET"]}}],"collection":[{"href":"https:\/\/deultimominuto.com\/en\/wp-json\/wp\/v2\/posts"}],"about":[{"href":"https:\/\/deultimominuto.com\/en\/wp-json\/wp\/v2\/types\/post"}],"author":[{"embeddable":true,"href":"https:\/\/deultimominuto.com\/en\/wp-json\/wp\/v2\/users\/111"}],"replies":[{"embeddable":true,"href":"https:\/\/deultimominuto.com\/en\/wp-json\/wp\/v2\/comments?post=497303"}],"version-history":[{"count":0,"href":"https:\/\/deultimominuto.com\/en\/wp-json\/wp\/v2\/posts\/497303\/revisions"}],"wp:attachment":[{"href":"https:\/\/deultimominuto.com\/en\/wp-json\/wp\/v2\/media?parent=497303"}],"wp:term":[{"taxonomy":"category","embeddable":true,"href":"https:\/\/deultimominuto.com\/en\/wp-json\/wp\/v2\/categories?post=497303"},{"taxonomy":"post_tag","embeddable":true,"href":"https:\/\/deultimominuto.com\/en\/wp-json\/wp\/v2\/tags?post=497303"}],"curies":[{"name":"wp","href":"https:\/\/api.w.org\/{rel}","templated":true}]}}