{"id":497334,"date":"2026-01-10T17:45:30","date_gmt":"2026-01-10T21:45:30","guid":{"rendered":"https:\/\/deultimominuto.net\/en\/uncategorized\/the-un-regrets-the-death-of-colombian-artist-beatriz-gonzalez-and-highlights-her-legacy\/"},"modified":"2026-01-10T17:45:30","modified_gmt":"2026-01-10T21:45:30","slug":"the-un-regrets-the-death-of-colombian-artist-beatriz-gonzalez-and-highlights-her-legacy","status":"publish","type":"post","link":"https:\/\/deultimominuto.com\/en\/international\/the-un-regrets-the-death-of-colombian-artist-beatriz-gonzalez-and-highlights-her-legacy\/","title":{"rendered":"The UN regrets the death of Colombian artist Beatriz Gonz\u00e1lez and highlights her legacy"},"content":{"rendered":"<strong>Bogot\u00e1.-<\/strong> The UN Human Rights Office in Colombia lamented on Saturday the death of Colombian artist Beatriz Gonz\u00e1lez, who died on Friday at the age of 93, and highlighted her legacy for having made visible the victims of the armed conflict and her commitment to the defense of human rights through art.\n\n&#8220;Teacher Beatriz Gonz\u00e1lez brought visibility to the victims of the armed conflict in Colombia. We will always be grateful for her commitment to human rights,&#8221; the organization stated in a message posted on X, in which it also expressed its condolences for the artist&#8217;s death.\n\nUN Human Rights recalled that Gonz\u00e1lez donated photographs of his work &#8216;A contra luz&#8217; to be exhibited in one of the entity&#8217;s annual agendas and stressed that art is &#8220;one of the most powerful ways to show what the guarantee of human rights (or their absence) means for people and for nature.&#8221;\n\n&#8220;Through artistic creation, injustices are denounced, memory is preserved, or conscience is mobilized,&#8221; added the office, which expressed its gratitude to the artists who, with their work, defend human rights.\n\n\n<p class=\"wp-block-paragraph\"><strong>You can read: <a href=\"https:\/\/ab.deultimominuto.net\/internacionales\/ecuador-asume-onu\/\" target=\"_blank\" rel=\"noopener\">Ecuador assumes the vice presidency of the UN Human Rights Council<\/a><\/strong><\/p>\n\n\nGonz\u00e1lez is remembered because in 2009 she intervened in the 8,957 niches of the four columbariums of the Central Cemetery of Bogot\u00e1 and framed in them eight silhouettes of soldiers and peasant carriers of the dead in an effort to convert that space, which was at the mercy of ruin and indifference, into a place of mourning.\n\nInspired by harrowing images of violence, which were captured by photographers throughout the country, Gonz\u00e1lez made this a place to alleviate the pain of families who never found their loved ones disappeared by the conflict.\n\n&#8220;The disappeared have no name, they have no place, so I think that giving the disappeared a place of mourning is really a task and I am convinced that this will give them spiritual peace wherever they are,&#8221; the artist assured in an interview with EFE in 2021.\n\nThroughout six decades of work, Gonz\u00e1lez&#8217;s work was exhibited in international venues such as Documenta in Kassel (Germany), the Museum of Modern Art in New York (MoMA), the Reina Sof\u00eda Museum and the Pinacoteca of S\u00e3o Paulo.","protected":false},"excerpt":{"rendered":"<p>Bogot\u00e1.- The UN Human Rights Office in Colombia lamented on Saturday the death of Colombian artist Beatriz Gonz\u00e1lez, who died on Friday at the age of 93, and highlighted her legacy for having made visible the victims of the armed conflict and her commitment to the defense of human rights through art. &#8220;Teacher Beatriz Gonz\u00e1lez [&hellip;]<\/p>\n","protected":false},"author":3,"featured_media":0,"comment_status":"open","ping_status":"open","sticky":false,"template":"","format":"standard","meta":{"_acf_changed":false,"_jetpack_newsletter_access":"","_jetpack_dont_email_post_to_subs":false,"_jetpack_newsletter_tier_id":0,"_jetpack_memberships_contains_paywalled_content":false,"_jetpack_memberships_contains_paid_content":false,"footnotes":"","_members_access_role":[],"_members_access_error":""},"categories":[95],"tags":[],"class_list":["post-497334","post","type-post","status-publish","format-standard","category-international"],"acf":[],"jetpack_sharing_enabled":true,"jetpack_shortlink":"https:\/\/wp.me\/phj1q1-25nw","jetpack_featured_media_url":"","dum_api":{"author_name":"EFE","author_image":"https:\/\/deultimominuto.com\/wp-content\/uploads\/2021\/08\/1200px-EFE_logo.svg-96x96.png","categories_name":["International"],"featured_media_url":null},"_links":{"self":[{"href":"https:\/\/deultimominuto.com\/en\/wp-json\/wp\/v2\/posts\/497334","targetHints":{"allow":["GET"]}}],"collection":[{"href":"https:\/\/deultimominuto.com\/en\/wp-json\/wp\/v2\/posts"}],"about":[{"href":"https:\/\/deultimominuto.com\/en\/wp-json\/wp\/v2\/types\/post"}],"author":[{"embeddable":true,"href":"https:\/\/deultimominuto.com\/en\/wp-json\/wp\/v2\/users\/3"}],"replies":[{"embeddable":true,"href":"https:\/\/deultimominuto.com\/en\/wp-json\/wp\/v2\/comments?post=497334"}],"version-history":[{"count":0,"href":"https:\/\/deultimominuto.com\/en\/wp-json\/wp\/v2\/posts\/497334\/revisions"}],"wp:attachment":[{"href":"https:\/\/deultimominuto.com\/en\/wp-json\/wp\/v2\/media?parent=497334"}],"wp:term":[{"taxonomy":"category","embeddable":true,"href":"https:\/\/deultimominuto.com\/en\/wp-json\/wp\/v2\/categories?post=497334"},{"taxonomy":"post_tag","embeddable":true,"href":"https:\/\/deultimominuto.com\/en\/wp-json\/wp\/v2\/tags?post=497334"}],"curies":[{"name":"wp","href":"https:\/\/api.w.org\/{rel}","templated":true}]}}