{"id":497336,"date":"2026-01-10T18:01:14","date_gmt":"2026-01-10T22:01:14","guid":{"rendered":"https:\/\/deultimominuto.net\/en\/uncategorized\/puntacana-foundation-celebrates-a-year-of-looking-after-the-health-and-well-being-of-its-community\/"},"modified":"2026-01-10T18:03:18","modified_gmt":"2026-01-10T22:03:18","slug":"puntacana-foundation-celebrates-a-year-of-looking-after-the-health-and-well-being-of-its-community","status":"publish","type":"post","link":"https:\/\/deultimominuto.com\/en\/style\/puntacana-foundation-celebrates-a-year-of-looking-after-the-health-and-well-being-of-its-community\/","title":{"rendered":"Puntacana Foundation celebrates a year of looking after the health and well-being of its community"},"content":{"rendered":"\n<p class=\"has-text-align-center wp-block-paragraph\"><em>More than 1,600 people impacted by their 2025 Community Medical Missions<\/em><\/p>\n\n\n<strong>La Altagracia.<\/strong>&#8211; The Puntacana Group reaffirms, once again, its commitment to the health and well-being of the communities in its environment, through the free medical care provided by its Puntacana Foundation (<a href=\"https:\/\/www.youtube.com\/watch?v=3dM-Kcg1BoQ\" data-type=\"link\" data-id=\"https:\/\/www.youtube.com\/watch?v=3dM-Kcg1BoQ\" target=\"_blank\" rel=\"noopener\">FPC<\/a>). During the last year, the foundation carried out four Community Medical Missions, benefiting more than 1,600 people, including children and adults, in vulnerable communities in the province of La Altagracia, including Ver\u00f3n, Friusa-B\u00e1varo, El Cortecito-B\u00e1varo, Cabeza de Toro, Pe\u00f1\u00f3n de los Reyes, La Ceiba and El Macao.\n\nAll the care and services offered during these days were provided free of charge, as part of the sustained social commitment of the Puntacana Foundation to equitable access to health.\n\n\n<p class=\"wp-block-paragraph\">Since 2006, the Puntacana Foundation has assumed the mission of facilitating access to health services and promoting the integral well-being of the most vulnerable communities in the province, in alliance with academic institutions and international medical organizations such as Edward Via College of Osteopathic Medicine (VCOM) and Duquesne University. In 2025, this commitment was materialized through the realization of three general medicine missions and one dentistry mission, all with a duration of five days.<\/p>\n\n\nThe general medicine missions, developed in the months of March, June, and October 2025, were carried out in collaboration with Duquesne University and VCOM. During these days, general medicine consultations were offered for children and adults, medication delivery, and preventive medicine talks, contributing to the early detection of diseases and the strengthening of health education.\n\n\n<h6 class=\"wp-block-heading has-text-align-center\"><strong>You can also read: <a href=\"https:\/\/ab.deultimominuto.net\/estilo\/fundacion-puntacana-y-gamma-asset\/\" target=\"_blank\" rel=\"noopener\">Puntacana Foundation and Gamma Asset Management alliance<\/a><\/strong><\/h6>\n\n\n\n<p class=\"wp-block-paragraph\">For its part, the dentistry mission, carried out in November 2025 in the community of Ver\u00f3n, was carried out together with&nbsp;<em>Action for Smiles.<\/em>&nbsp;This day included caries correction, extractions, sealants, oral education and the delivery of oral hygiene kits, reaching a total of 906 dental procedures and 220 medical evaluations, both in children and adults.<\/p>\n\n\nThe missions were attended by medical personnel from the United States, as well as local doctors from the Oscar de la Renta Pediatric Care Center and the Ver\u00f3n Primary Care Unit, strengthening a collaborative model of comprehensive care. It is noted that, in each medical mission, a patient registry was carried out, and those cases that required specialized follow-up were promptly referred to these health centers, guaranteeing the continuity of medical care.\n\nIn addition to the medical staff, the valuable support of the student volunteers from the M\u00e1ximo Potencial Educational Center was highlighted, as well as the constant accompaniment of the students from the Puntacana International School. Similarly, community leaders play a key role in the convening and accompaniment of the days, working in an articulated manner with the Puntacana Foundation.\n\nWith these actions, Grupo Puntacana and its Foundation continue to strengthen their social impact and reaffirm their commitment to access to health, disease prevention, and the improvement of the quality of life of the communities in the East of the country.\n\n\n<p class=\"wp-block-paragraph\"><strong>About Puntacana Foundation<\/strong><\/p>\n\n\nThe Puntacana Foundation is the non-profit organization through which Grupo Puntacana creates well-being opportunities for the inhabitants of the area and promotes innovative solutions for the preservation of the region&#8217;s ecosystem.\n\nThey collaborate with dozens of strategic partners from the private, public, and civil society sectors to address social and environmental challenges, with an impact on the education, health, coral reef restoration, conservation of endangered species, community entrepreneurship, cultural preservation, solid waste management, and ecotourism sectors. With a strong focus on sustainability, they implement innovative programs that protect natural resources and strengthen local communities. For more information: <a href=\"http:\/\/puntacana.org\/\" target=\"_blank\" rel=\"noreferrer noopener\">puntacana.org\/<\/a>\n\n\n<figure class=\"wp-block-gallery has-nested-images columns-default is-cropped wp-block-gallery-1 is-layout-flex wp-block-gallery-is-layout-flex\">\n<figure class=\"wp-block-image size-large\"><img decoding=\"async\" data-id=\"592370\" src=\"https:\/\/ab.deultimominuto.net\/wp-content\/uploads\/2026\/01\/Misiones-medicas-FPC__-683x1024.jpg\" alt=\"\" class=\"wp-image-592370\" title=\"\"><\/figure>\n\n\n\n<figure class=\"wp-block-image size-large\"><img decoding=\"async\" data-id=\"592371\" src=\"https:\/\/ab.deultimominuto.net\/wp-content\/uploads\/2026\/01\/Misiones-medicas-FPC-1024x683.jpg\" alt=\"\" class=\"wp-image-592371\" title=\"\"><\/figure>\n<\/figure>\n","protected":false},"excerpt":{"rendered":"<p>More than 1,600 people impacted by their 2025 Community Medical Missions La Altagracia.&#8211; The Puntacana Group reaffirms, once again, its commitment to the health and well-being of the communities in its environment, through the free medical care provided by its Puntacana Foundation (FPC). During the last year, the foundation carried out four Community Medical Missions, [&hellip;]<\/p>\n","protected":false},"author":133543,"featured_media":0,"comment_status":"open","ping_status":"open","sticky":false,"template":"","format":"standard","meta":{"_acf_changed":false,"_jetpack_newsletter_access":"","_jetpack_dont_email_post_to_subs":false,"_jetpack_newsletter_tier_id":0,"_jetpack_memberships_contains_paywalled_content":false,"_jetpack_memberships_contains_paid_content":false,"footnotes":"","_members_access_role":[],"_members_access_error":""},"categories":[7],"tags":[43058,43057],"class_list":["post-497336","post","type-post","status-publish","format-standard","category-style","tag-health-days","tag-punta-cana-group"],"acf":[],"jetpack_sharing_enabled":true,"jetpack_shortlink":"https:\/\/wp.me\/phj1q1-25ny","jetpack_featured_media_url":"","dum_api":{"author_name":"Carolina \u00c1lvarez","author_image":"https:\/\/deultimominuto.com\/wp-content\/uploads\/2026\/05\/cropped-WhatsApp-Image-2026-05-26-at-5.31.57-PM-96x96.jpeg","categories_name":["Style"],"featured_media_url":null},"_links":{"self":[{"href":"https:\/\/deultimominuto.com\/en\/wp-json\/wp\/v2\/posts\/497336","targetHints":{"allow":["GET"]}}],"collection":[{"href":"https:\/\/deultimominuto.com\/en\/wp-json\/wp\/v2\/posts"}],"about":[{"href":"https:\/\/deultimominuto.com\/en\/wp-json\/wp\/v2\/types\/post"}],"author":[{"embeddable":true,"href":"https:\/\/deultimominuto.com\/en\/wp-json\/wp\/v2\/users\/133543"}],"replies":[{"embeddable":true,"href":"https:\/\/deultimominuto.com\/en\/wp-json\/wp\/v2\/comments?post=497336"}],"version-history":[{"count":0,"href":"https:\/\/deultimominuto.com\/en\/wp-json\/wp\/v2\/posts\/497336\/revisions"}],"wp:attachment":[{"href":"https:\/\/deultimominuto.com\/en\/wp-json\/wp\/v2\/media?parent=497336"}],"wp:term":[{"taxonomy":"category","embeddable":true,"href":"https:\/\/deultimominuto.com\/en\/wp-json\/wp\/v2\/categories?post=497336"},{"taxonomy":"post_tag","embeddable":true,"href":"https:\/\/deultimominuto.com\/en\/wp-json\/wp\/v2\/tags?post=497336"}],"curies":[{"name":"wp","href":"https:\/\/api.w.org\/{rel}","templated":true}]}}