{"id":497394,"date":"2026-01-11T16:39:17","date_gmt":"2026-01-11T20:39:17","guid":{"rendered":"https:\/\/deultimominuto.net\/en\/uncategorized\/manos-unidas-por-autismo-foundation-will-hold-a-conference-to-strengthen-experiences-and-proposals-for-training-and-job-inclusion\/"},"modified":"2026-01-11T16:39:17","modified_gmt":"2026-01-11T20:39:17","slug":"manos-unidas-por-autismo-foundation-will-hold-a-conference-to-strengthen-experiences-and-proposals-for-training-and-job-inclusion","status":"publish","type":"post","link":"https:\/\/deultimominuto.com\/en\/uncategorized\/manos-unidas-por-autismo-foundation-will-hold-a-conference-to-strengthen-experiences-and-proposals-for-training-and-job-inclusion\/","title":{"rendered":"Manos Unidas por Autismo Foundation will hold a conference to strengthen experiences and proposals for training and job inclusion"},"content":{"rendered":"<strong>Santo Domingo<\/strong>.\u2013 The United Hands for Autism Foundation will hold the 3rd International Congress on Educating about Autism with the aim of strengthening the exchange of experiences, good practices and proposals for training and labor inclusion. The entity reported that the topic they will address this year will be \u201c<strong>from diagnosis to Therapeutic Intervention in Adulthood<\/strong>\u201d.\n\nWith this activity, they will continue this space for reflection that seeks to generate proposals to address the challenges faced by adults with Autism Spectrum Disorder (ASD) in the Dominican Republic.\n\nThe congress will take place on Sunday, January 18, 2026, in the Auditorium of the Universidad Nacional Pedro Henr\u00edquez Ure\u00f1a (<a href=\"https:\/\/www.youtube.com\/@UNPHURD\" data-type=\"link\" data-id=\"https:\/\/www.youtube.com\/@UNPHURD\" target=\"_blank\" rel=\"noopener\">UNPHU<\/a>), from 8:00 a.m. to 5:30 p.m.\n\nThe event will feature the participation of prominent national and international speakers, including \u00c1ngel Reverol, from Venezuela; Iv\u00e1n L\u00f3pez, from the United States; and Jonathan P\u00e9rez, a national speaker.\n\nIn addition, panels will be developed with specialists and representatives from various public and governmental institutions, including CONADIS, SENASA, MINERD, MESCyT, SISALRIL, and the CNSS.\n\n\n<h6 class=\"wp-block-heading has-text-align-center\"><strong>You can also read: <a href=\"https:\/\/ab.deultimominuto.net\/nacionales\/fundacion-manos-unidas-por-autismo-tenemos-que-levantar-una-voz-en-medio-del-silencio\/\" target=\"_blank\" rel=\"noopener\">Fundaci\u00f3n Manos Unidas por Autismo: &#8220;We must raise a voice in the midst of silence&#8221; | De \u00daltimo Minuto<\/a><\/strong><\/h6>\n\n\nFrom the educational area, the congress will feature the participation of several universities and foundations that actively work on addressing Autism Spectrum Disorder, strengthening the exchange of experiences, good practices, and proposals for training and labor inclusion.\n\nThis meeting is supported by the Dominican Petroleum Refinery, S.A. (REFIDOMSA), through its corporate social responsibility program, channeled through the REFIDOMSA Foundation, and will include an inter-institutional panel on public policies and rights for the inclusion of adults with ASD.\n\nIts president, Odile Villavizar, emphasized that with this initiative, the Manos Unidas por Autismo Foundation reaffirms its commitment to visibility, inclusion, and the construction of concrete actions that contribute to improving the quality of life of adults with autism and their families, as well as the continuity of awareness for this condition that is becoming more frequent in the world.\n\n\n<p class=\"wp-block-paragraph\"><strong>About the United Hands for Autism Foundation<\/strong><\/p>\n\n\nWith over 15 years promoting the inclusion of people with ASD, the foundation works from a comprehensive approach that involves families, the community, and the public and private sectors, promoting a more equitable, respectful, and empathetic society.","protected":false},"excerpt":{"rendered":"<p>Santo Domingo.\u2013 The United Hands for Autism Foundation will hold the 3rd International Congress on Educating about Autism with the aim of strengthening the exchange of experiences, good practices and proposals for training and labor inclusion. The entity reported that the topic they will address this year will be \u201cfrom diagnosis to Therapeutic Intervention in [&hellip;]<\/p>\n","protected":false},"author":133543,"featured_media":0,"comment_status":"open","ping_status":"open","sticky":false,"template":"","format":"standard","meta":{"_acf_changed":false,"_jetpack_newsletter_access":"","_jetpack_dont_email_post_to_subs":false,"_jetpack_newsletter_tier_id":0,"_jetpack_memberships_contains_paywalled_content":false,"_jetpack_memberships_contains_paid_content":false,"footnotes":"","_members_access_role":[],"_members_access_error":""},"categories":[1],"tags":[],"class_list":["post-497394","post","type-post","status-publish","format-standard","category-uncategorized"],"acf":[],"jetpack_sharing_enabled":true,"jetpack_shortlink":"https:\/\/wp.me\/phj1q1-25ou","jetpack_featured_media_url":"","dum_api":{"author_name":"Carolina \u00c1lvarez","author_image":"https:\/\/deultimominuto.com\/wp-content\/uploads\/2026\/05\/cropped-WhatsApp-Image-2026-05-26-at-5.31.57-PM-96x96.jpeg","categories_name":["Uncategorized"],"featured_media_url":null},"_links":{"self":[{"href":"https:\/\/deultimominuto.com\/en\/wp-json\/wp\/v2\/posts\/497394","targetHints":{"allow":["GET"]}}],"collection":[{"href":"https:\/\/deultimominuto.com\/en\/wp-json\/wp\/v2\/posts"}],"about":[{"href":"https:\/\/deultimominuto.com\/en\/wp-json\/wp\/v2\/types\/post"}],"author":[{"embeddable":true,"href":"https:\/\/deultimominuto.com\/en\/wp-json\/wp\/v2\/users\/133543"}],"replies":[{"embeddable":true,"href":"https:\/\/deultimominuto.com\/en\/wp-json\/wp\/v2\/comments?post=497394"}],"version-history":[{"count":0,"href":"https:\/\/deultimominuto.com\/en\/wp-json\/wp\/v2\/posts\/497394\/revisions"}],"wp:attachment":[{"href":"https:\/\/deultimominuto.com\/en\/wp-json\/wp\/v2\/media?parent=497394"}],"wp:term":[{"taxonomy":"category","embeddable":true,"href":"https:\/\/deultimominuto.com\/en\/wp-json\/wp\/v2\/categories?post=497394"},{"taxonomy":"post_tag","embeddable":true,"href":"https:\/\/deultimominuto.com\/en\/wp-json\/wp\/v2\/tags?post=497394"}],"curies":[{"name":"wp","href":"https:\/\/api.w.org\/{rel}","templated":true}]}}