{"id":497631,"date":"2026-01-14T17:24:08","date_gmt":"2026-01-14T21:24:08","guid":{"rendered":"https:\/\/deultimominuto.net\/en\/uncategorized\/court-sentences-man-to-15-years-for-sexually-assaulting-13-year-old-teenager\/"},"modified":"2026-01-14T17:24:08","modified_gmt":"2026-01-14T21:24:08","slug":"court-sentences-man-to-15-years-for-sexually-assaulting-13-year-old-teenager","status":"publish","type":"post","link":"https:\/\/deultimominuto.com\/en\/uncategorized\/court-sentences-man-to-15-years-for-sexually-assaulting-13-year-old-teenager\/","title":{"rendered":"Court sentences man to 15 years for sexually assaulting 13-year-old teenager"},"content":{"rendered":"<strong>Santiago. \u2013<\/strong> In a new trial ordered by the Court of Appeals, <strong>the Fourth Collegiate Tribunal of Santiago sentenced a man processed by the Public Ministry to 15 years in prison<\/strong> for the rape of a 13-year-old adolescent.\n\nJudges Rub\u00e9n Dar\u00edo Cruz Uceta, Rub\u00e9n Rodr\u00edguez, and Jasm\u00edn de los Santos sentenced Francisco Cordero (Francisco Antonio Cordero), against whom the Santiago Prosecutor&#8217;s Office demonstrated his criminal responsibility in the sexual violation and death threats against the adolescent. The sentenced man had appealed the 15-year prison sentence and a fine of RD$200,000 handed down in 2023, which is why the court ordered the new trial.\n\nLitigating prosecutor Jenniffer Rodr\u00edguez detailed that the <a href=\"https:\/\/ab.deultimominuto.net\/nacionales\/justicia\/injusticia-defensa-de-joven-condenada-a-12-anos-asegura-expediente-carece-de-pruebas\/\" target=\"_blank\" rel=\"noopener\">criminal<\/a>, having intimidated the victim, taking advantage of her minor age, and taking advantage of the trust given to him by her parents, sexually raped her on numerous occasions while the mother left her in his care.\n\n\n<figure class=\"wp-block-image size-full is-resized\"><img decoding=\"async\" src=\"https:\/\/ab.deultimominuto.net\/wp-content\/uploads\/2026\/01\/image-56.png\" alt=\"\" class=\"wp-image-594301\" style=\"width:625px;height:auto\" title=\"\"><\/figure>\n\n\n\n<h5 class=\"wp-block-heading\"><strong>You may be interested in: <a href=\"https:\/\/ab.deultimominuto.net\/nacionales\/la-justicia-fue-injusta-familia-de-yokairy-sosa-denuncia-condena-sin-pruebas-y-pide-revision-del-caso\/\" target=\"_blank\" rel=\"noopener\">\u201cJustice was unjust\u201d: Yokairy Sosa&#8217;s family denounces conviction without evidence and asks for a review of the case<\/a><\/strong><\/h5>\n\n\nThe victim, after going to live with her father and stepmother, in another community of the municipality of Santiago, confessed the malicious conduct to which she was subjected by the convicted person. After the complaint filed by the victim&#8217;s father before the Comprehensive Care Unit for Victims of Gender, Intrafamily and Sexual Crimes of the Prosecutor&#8217;s Office of Santiago, the gathering of evidence began.\n\nThe teenager recounted the events to the representatives of the prosecuting body, despite the trauma suffered, and was able to identify and call her aggressor by name. <strong>Using the coherent testimony of the aggrieved party, and the forensic examinations that were carried out to corroborate her narrative<\/strong>, the Santiago Prosecutor&#8217;s Office processed the arrest warrant against the accused before the competent judicial body.\n\nAccording to the testimony obtained from the minor victim, through the Center for <a href=\"https:\/\/poderjudicial.gob.do\/sala\/cuarto-tribunal-colegiado-de-la-camara-penal-del-juzgado-de-primera-instancia-de-santiago\/\" target=\"_blank\" rel=\"noopener\">Interviews<\/a> for People in Vulnerable Conditions, Victims and Witnesses of Crimes, the accused assaulted and sexually violated her since she was 9 years old. During this time the teenager lived in fear, as the aggressor threatened to tell lies to her mother and stepfather so that they would punish her; he also threatened to hit and kill her.\n\n\n<h5 class=\"wp-block-heading\"><strong>You can also read: <a href=\"https:\/\/ab.deultimominuto.net\/nacionales\/justicia\/abogado-jean-cristofer-expone-violaciones-al-debido-proceso-en-caso-de-joven-condenada-a-12-anos-en-higuey\/\" target=\"_blank\" rel=\"noopener\">Lawyer exposes due process violations in the case of a young woman sentenced to 12 years in Hig\u00fcey<\/a><\/strong><\/h5>\n\n\nThe 15-year prison sentence was imposed in response to the charges presented by the Public Prosecutor&#8217;s Office against the accused, for violating several articles of the Dominican Penal Code, modified by Law 24-97 on Gender Violence, as well as Law 136-03 of the Code for the Protection and Rights of Children and Adolescents, which punishes sexual violation, psychological and sexual abuse against the underage victim.","protected":false},"excerpt":{"rendered":"<p>Santiago. \u2013 In a new trial ordered by the Court of Appeals, the Fourth Collegiate Tribunal of Santiago sentenced a man processed by the Public Ministry to 15 years in prison for the rape of a 13-year-old adolescent. Judges Rub\u00e9n Dar\u00edo Cruz Uceta, Rub\u00e9n Rodr\u00edguez, and Jasm\u00edn de los Santos sentenced Francisco Cordero (Francisco Antonio [&hellip;]<\/p>\n","protected":false},"author":111,"featured_media":0,"comment_status":"open","ping_status":"open","sticky":false,"template":"","format":"standard","meta":{"_acf_changed":false,"_jetpack_newsletter_access":"","_jetpack_dont_email_post_to_subs":false,"_jetpack_newsletter_tier_id":0,"_jetpack_memberships_contains_paywalled_content":false,"_jetpack_memberships_contains_paid_content":false,"footnotes":"","_members_access_role":[],"_members_access_error":""},"categories":[1],"tags":[],"class_list":["post-497631","post","type-post","status-publish","format-standard","category-uncategorized"],"acf":[],"jetpack_sharing_enabled":true,"jetpack_shortlink":"https:\/\/wp.me\/phj1q1-25sj","jetpack_featured_media_url":"","dum_api":{"author_name":"Ana Laura L\u00f3pez","author_image":"https:\/\/deultimominuto.com\/wp-content\/uploads\/2025\/01\/cropped-WhatsApp-Image-2025-01-29-at-1.45.56-PM-96x96.jpeg","categories_name":["Uncategorized"],"featured_media_url":null},"_links":{"self":[{"href":"https:\/\/deultimominuto.com\/en\/wp-json\/wp\/v2\/posts\/497631","targetHints":{"allow":["GET"]}}],"collection":[{"href":"https:\/\/deultimominuto.com\/en\/wp-json\/wp\/v2\/posts"}],"about":[{"href":"https:\/\/deultimominuto.com\/en\/wp-json\/wp\/v2\/types\/post"}],"author":[{"embeddable":true,"href":"https:\/\/deultimominuto.com\/en\/wp-json\/wp\/v2\/users\/111"}],"replies":[{"embeddable":true,"href":"https:\/\/deultimominuto.com\/en\/wp-json\/wp\/v2\/comments?post=497631"}],"version-history":[{"count":0,"href":"https:\/\/deultimominuto.com\/en\/wp-json\/wp\/v2\/posts\/497631\/revisions"}],"wp:attachment":[{"href":"https:\/\/deultimominuto.com\/en\/wp-json\/wp\/v2\/media?parent=497631"}],"wp:term":[{"taxonomy":"category","embeddable":true,"href":"https:\/\/deultimominuto.com\/en\/wp-json\/wp\/v2\/categories?post=497631"},{"taxonomy":"post_tag","embeddable":true,"href":"https:\/\/deultimominuto.com\/en\/wp-json\/wp\/v2\/tags?post=497631"}],"curies":[{"name":"wp","href":"https:\/\/api.w.org\/{rel}","templated":true}]}}