{"id":497887,"date":"2026-01-16T22:50:01","date_gmt":"2026-01-17T02:50:01","guid":{"rendered":"https:\/\/deultimominuto.net\/en\/uncategorized\/delcy-rodriguez-removes-colombian-businessman-alex-saab-maduros-ally-from-the-cabinet\/"},"modified":"2026-01-16T22:50:01","modified_gmt":"2026-01-17T02:50:01","slug":"delcy-rodriguez-removes-colombian-businessman-alex-saab-maduros-ally-from-the-cabinet","status":"publish","type":"post","link":"https:\/\/deultimominuto.com\/en\/international\/delcy-rodriguez-removes-colombian-businessman-alex-saab-maduros-ally-from-the-cabinet\/","title":{"rendered":"Delcy Rodr\u00edguez removes Colombian businessman Alex Saab, Maduro&#8217;s ally, from the cabinet"},"content":{"rendered":"<strong>Caracas.-<\/strong> The acting president of Venezuela, Delcy Rodr\u00edguez, announced this Friday the merger of the Ministry of Industries and National Production with that of National Commerce into a &#8220;new instance&#8221; that will be led by Luis Antonio Villegas, thus replacing businessman Alex Saab, a close collaborator of President Nicol\u00e1s Maduro, in the cabinet.\n\nThe announcement was made on his Telegram account, where he expressed his gratitude to Saab for &#8220;his work in the service of the Fatherland&#8221; and assured that he &#8220;will assume new responsibilities&#8221;.\n\nVillegas was already serving as Minister of National Commerce since his appointment by Maduro in February 2024.\n\n\n<h5 class=\"wp-block-heading\"><strong>We recommend reading: <a href=\"https:\/\/ab.deultimominuto.net\/internacionales\/delcy-rodriguez-nombra-otros\/\" target=\"_blank\" rel=\"noopener\">Delcy Rodr\u00edguez names three other new ministers in Venezuela<\/a><\/strong><\/h5>\n\n\n\n<h2 class=\"wp-block-heading\" id=\"h-alex-saab-hombre-de-confianza-de-maduro\">Alex Saab, Maduro&#8217;s Trusted Man<\/h2>\n\n\nSaab, for his part, had been appointed by Maduro to head the Ministry of Industries and National Production in October 2024. Before the appointment, he served as president of the International Center for Productive Investment of Venezuela.\n\nThis businessman, born in Barranquilla (Colombia) and of Lebanese origin, was arrested in Cape Verde in 2020 and subsequently extradited to <a href=\"https:\/\/youtu.be\/PLvJlOao9sY\" target=\"_blank\" rel=\"noopener\">United States<\/a>, where Justice accused him of conspiracy to launder money and of being a &#8220;straw man&#8221; for the Government of Venezuela.\n\n\n<figure class=\"wp-block-image is-resized\"><img decoding=\"async\" src=\"https:\/\/i0.wp.com\/efe.com\/wp-content\/uploads\/2026\/01\/OBJ_20240123T215716S0002I_1_1_1_15_7_6.webp?resize=900%2C599&amp;ssl=1\" alt=\"\" class=\"wp-image-2422519\" style=\"width:692px;height:auto\" title=\"\"><\/figure>\n\n\nFor this case, he was imprisoned in the United States from October 2021 to December 2023, after a presidential pardon signed by the then-U.S. President, Joe Biden.\n\nIn March 2024, the American Justice system dismissed the charges against Saab.\n\nDuring his detention, his wife, the Italian Camilla Fabri, became the image of the campaign for his release launched by the Maduro government. Currently, Fabri heads the Mission Return to the Homeland, the state program that manages the repatriations of Venezuelan migrants.\n\n\n<h5 class=\"wp-block-heading\"><strong>You can also read: <a href=\"https:\/\/ab.deultimominuto.net\/tv\/maria-corina-no-le-puede-cargar-los-bultos-a-delcy-rodriguez-segun-eliseo-almanzar\/\" target=\"_blank\" rel=\"noopener\">MAR\u00cdA CORINA NO LE PUEDE CARGAR LOS BULTOS A DELCY RODRIGUEZ, SEG\u00daN EL\u00cdSEO ALM\u00c1NZAR<\/a><\/strong><\/h5>\n\n\n\n<h2 class=\"wp-block-heading\" id=\"h-acusado-de-testaferro\">Accused of being a front man<\/h2>\n\n\nAlthough he always maintained a low profile as a businessman, Saab gained recognition after in 2017 the former Venezuelan prosecutor Luisa Ortega accused him of being one of Maduro&#8217;s <a href=\"https:\/\/efe.com\/mundo\/2026-01-17\/alex-saab-venezuela-delcy-rodriguez\/\" target=\"_blank\" rel=\"noopener\">front men<\/a>.\n\nIn recent years, he has been linked to several companies, including Group Grand Limited (GGL), accused of supplying overpriced food and supplies to the Maduro administration for the governmental Local Supply and Production Committees.\n\n\n<p class=\"wp-block-paragraph\">However, the initial complaint was made by the portal <a href=\"https:\/\/ab.deultimominuto.net\/internacionales\/quien-es-delcy-rodriguez\/\" target=\"_blank\" rel=\"noopener\">dedicated<\/a> to investigative journalism Armando.info, which pointed out months earlier that Saab was then part of an asset laundering network that obtained millionaire resources through the fictitious export of food to Venezuela.<\/p>\n\n\n\n<figure class=\"wp-block-image is-resized\"><img decoding=\"async\" src=\"https:\/\/i0.wp.com\/efe.com\/wp-content\/uploads\/2026\/01\/OBJ_20231221T194656S0008I_1_1_1_32_7_6.webp?resize=900%2C599&amp;ssl=1\" alt=\"Alex Saab\" class=\"wp-image-2422513\" style=\"width:646px;height:auto\" title=\"\"><\/figure>\n\n\n\n<h2 class=\"wp-block-heading\" id=\"h-cabinet-changes\">Cabinet Changes<\/h2>\n\n\nIn her first ten days as acting president, following Maduro&#8217;s capture by US forces during the military attack on Caracas, Delcy Rodr\u00edguez has announced several ministerial changes.\n\nThis Friday, Freddy \u00d1\u00e1\u00f1ez was appointed as Minister of Ecosocialism, An\u00edbal Coronado as the new head of Transportation, and Miguel \u00c1ngel P\u00e9rez Pirela as head of the Communication and Information office.\n\n\n<h5 class=\"wp-block-heading\"><strong>You may be interested in: <a href=\"https:\/\/ab.deultimominuto.net\/tv\/donal-trump-en-medio-de-dilema-por-maria-corina-machado-y-delcy-rodriguez\/\" target=\"_blank\" rel=\"noopener\">DONALD TRUMP IN DILEMMA OVER MARIA CORINA MACHADO AND DELCY RODRIGUEZ<\/a><\/strong><\/h5>\n\n\nHe also appointed days ago Captain Juan Escalona, a member of Maduro&#8217;s security team, as Minister of the Office of the Presidency, and former Central Bank President Calixto Ortega as the new Vice President of Sectoral Economy.\n\nLikewise, he dismissed the head of <a href=\"https:\/\/ab.deultimominuto.net\/internacionales\/delcy-rodriguez-acusa-a-ee-uu\/\" target=\"_blank\" rel=\"noopener\">Security<\/a> of the president, Major General Javier Marcano T\u00e1bata, and appointed in his place General Gustavo Gonz\u00e1lez L\u00f3pez as commander of the Presidential Honor Guard and head of the General Directorate of Military Counterintelligence (DGCIM).","protected":false},"excerpt":{"rendered":"<p>Caracas.- The acting president of Venezuela, Delcy Rodr\u00edguez, announced this Friday the merger of the Ministry of Industries and National Production with that of National Commerce into a &#8220;new instance&#8221; that will be led by Luis Antonio Villegas, thus replacing businessman Alex Saab, a close collaborator of President Nicol\u00e1s Maduro, in the cabinet. The announcement [&hellip;]<\/p>\n","protected":false},"author":111,"featured_media":0,"comment_status":"open","ping_status":"open","sticky":false,"template":"","format":"standard","meta":{"_acf_changed":false,"_jetpack_newsletter_access":"","_jetpack_dont_email_post_to_subs":false,"_jetpack_newsletter_tier_id":0,"_jetpack_memberships_contains_paywalled_content":false,"_jetpack_memberships_contains_paid_content":false,"footnotes":"","_members_access_role":[],"_members_access_error":""},"categories":[95],"tags":[35998,43090,110],"class_list":["post-497887","post","type-post","status-publish","format-standard","category-international","tag-delcy-rodriguez","tag-national-commerce","tag-venezuela"],"acf":[],"jetpack_sharing_enabled":true,"jetpack_shortlink":"https:\/\/wp.me\/phj1q1-25wr","jetpack_featured_media_url":"","dum_api":{"author_name":"Ana Laura L\u00f3pez","author_image":"https:\/\/deultimominuto.com\/wp-content\/uploads\/2025\/01\/cropped-WhatsApp-Image-2025-01-29-at-1.45.56-PM-96x96.jpeg","categories_name":["International"],"featured_media_url":null},"_links":{"self":[{"href":"https:\/\/deultimominuto.com\/en\/wp-json\/wp\/v2\/posts\/497887","targetHints":{"allow":["GET"]}}],"collection":[{"href":"https:\/\/deultimominuto.com\/en\/wp-json\/wp\/v2\/posts"}],"about":[{"href":"https:\/\/deultimominuto.com\/en\/wp-json\/wp\/v2\/types\/post"}],"author":[{"embeddable":true,"href":"https:\/\/deultimominuto.com\/en\/wp-json\/wp\/v2\/users\/111"}],"replies":[{"embeddable":true,"href":"https:\/\/deultimominuto.com\/en\/wp-json\/wp\/v2\/comments?post=497887"}],"version-history":[{"count":0,"href":"https:\/\/deultimominuto.com\/en\/wp-json\/wp\/v2\/posts\/497887\/revisions"}],"wp:attachment":[{"href":"https:\/\/deultimominuto.com\/en\/wp-json\/wp\/v2\/media?parent=497887"}],"wp:term":[{"taxonomy":"category","embeddable":true,"href":"https:\/\/deultimominuto.com\/en\/wp-json\/wp\/v2\/categories?post=497887"},{"taxonomy":"post_tag","embeddable":true,"href":"https:\/\/deultimominuto.com\/en\/wp-json\/wp\/v2\/tags?post=497887"}],"curies":[{"name":"wp","href":"https:\/\/api.w.org\/{rel}","templated":true}]}}