{"id":497999,"date":"2026-01-18T19:12:38","date_gmt":"2026-01-18T23:12:38","guid":{"rendered":"https:\/\/deultimominuto.net\/en\/uncategorized\/dominican-republic-navy-graduates-272-new-recruits-at-las-calderas-naval-base\/"},"modified":"2026-01-18T19:12:38","modified_gmt":"2026-01-18T23:12:38","slug":"dominican-republic-navy-graduates-272-new-recruits-at-las-calderas-naval-base","status":"publish","type":"post","link":"https:\/\/deultimominuto.com\/en\/dominican-news\/dominican-republic-navy-graduates-272-new-recruits-at-las-calderas-naval-base\/","title":{"rendered":"Dominican Republic Navy graduates 272 new recruits at Las Calderas Naval Base"},"content":{"rendered":"\n<p class=\"wp-block-paragraph\"><strong>Las Calderas, Peravia. <\/strong>\u2013 The <strong>Dominican Republic Navy <\/strong>celebrated on Saturday, January 17th, the graduation ceremony of 272 midshipmen of both genders, trained at the <strong>Naval Training Center, <\/strong>after successfully completing the instruction program that began in July of last year.<\/p>\n\n\nThe event took place at the <strong>Las Calderas Naval Base,<\/strong> recognized as the cradle of naval training in the country, where a rigorous process of academic, technical, and military training was carried out, aimed at strengthening the operational capabilities of the institution and responding to the demands of naval service.\n\n\n<p class=\"wp-block-paragraph\"><strong>You may be interested in<\/strong>: <a href=\"https:\/\/ab.deultimominuto.net\/tag\/armada-de-republica-dominicana\/\" data-type=\"post_tag\" data-id=\"18327\" target=\"_blank\" rel=\"noopener\">Dominican Republic Navy<\/a><\/p>\n\n\nThe ceremony was presided over by Lieutenant General <strong>Carlos Antonio Fern\u00e1ndez Onofre, ERD,<\/strong> Minister of Defense, who administered the oath to the new sailors who immediately join the active ranks of the Navy, reaffirming their commitment to serve the Homeland with honor, discipline, and loyalty.\n\nThe Minister of Defense was accompanied by the provincial governor of Peravia, Mrs. \u00c1ngela Yadira B\u00e1ez, as well as Vice Admiral Juan B. Cris\u00f3stomo Mart\u00ednez, general commander of the Navy, who presented the recognition to the outstanding graduate of the promotion, in attention to his academic performance, dedication, discipline and vocation of service.\n\n\n<p class=\"wp-block-paragraph\">The keynote speech was delivered by the director of the Naval Training Center, Captain Jos\u00e9 Agust\u00edn Jos\u00e9 V\u00e1squez, who highlighted the progressive structure of the training program, developed in blocks of comprehensive preparation, and emphasized that these 272 new sailors assume the commitment to serve with courage, honor and loyalty, projecting their naval career on the basis of discipline, duty and the pride of belonging to the institution.<\/p>\n\n\nDuring the ceremony, Seaman Brayni Rodr\u00edguez Rodr\u00edguez was recognized as an Honorary Graduate, and was presented with his certificate, a recognition plaque, and an institutional gift, in recognition of his outstanding academic performance and exemplary conduct.\n\nThe graduates will be incorporated into the various institutional services according to their specialties, which include: boatswain, marine infantry, diesel mechanics, electricity, radio operator in naval communications, computer science, clerk, nursing, cooking, and driver.\n\nThe ceremony was attended by civil and military authorities, as well as family and friends of the graduating midshipmen, who accompanied this significant step in the professional lives of the new sailors.\n\nVisibly moved, the families participated in the religious act of blessing and invocation to God, expressing their pride and satisfaction for their children&#8217;s decision to serve the nation through the Navy, contributing to the highest interests of the Dominican State and the permanent strengthening of the Armed Forces of the Dominican Republic.","protected":false},"excerpt":{"rendered":"<p>Las Calderas, Peravia. \u2013 The Dominican Republic Navy celebrated on Saturday, January 17th, the graduation ceremony of 272 midshipmen of both genders, trained at the Naval Training Center, after successfully completing the instruction program that began in July of last year. The event took place at the Las Calderas Naval Base, recognized as the cradle [&hellip;]<\/p>\n","protected":false},"author":4,"featured_media":0,"comment_status":"open","ping_status":"open","sticky":false,"template":"","format":"standard","meta":{"_acf_changed":false,"_jetpack_newsletter_access":"","_jetpack_dont_email_post_to_subs":false,"_jetpack_newsletter_tier_id":0,"_jetpack_memberships_contains_paywalled_content":false,"_jetpack_memberships_contains_paid_content":false,"footnotes":"","_members_access_role":[],"_members_access_error":""},"categories":[40216],"tags":[40231,43109],"class_list":["post-497999","post","type-post","status-publish","format-standard","category-dominican-news","tag-dominican-republic","tag-dominican-republic-navy"],"acf":[],"jetpack_sharing_enabled":true,"jetpack_shortlink":"https:\/\/wp.me\/phj1q1-25yf","jetpack_featured_media_url":"","dum_api":{"author_name":"Redacci\u00f3n De \u00daltimo Minuto","author_image":"https:\/\/deultimominuto.com\/wp-content\/uploads\/2025\/02\/cropped-logo-de-ultimo-minuto-96x96.png","categories_name":["Dominican News"],"featured_media_url":null},"_links":{"self":[{"href":"https:\/\/deultimominuto.com\/en\/wp-json\/wp\/v2\/posts\/497999","targetHints":{"allow":["GET"]}}],"collection":[{"href":"https:\/\/deultimominuto.com\/en\/wp-json\/wp\/v2\/posts"}],"about":[{"href":"https:\/\/deultimominuto.com\/en\/wp-json\/wp\/v2\/types\/post"}],"author":[{"embeddable":true,"href":"https:\/\/deultimominuto.com\/en\/wp-json\/wp\/v2\/users\/4"}],"replies":[{"embeddable":true,"href":"https:\/\/deultimominuto.com\/en\/wp-json\/wp\/v2\/comments?post=497999"}],"version-history":[{"count":0,"href":"https:\/\/deultimominuto.com\/en\/wp-json\/wp\/v2\/posts\/497999\/revisions"}],"wp:attachment":[{"href":"https:\/\/deultimominuto.com\/en\/wp-json\/wp\/v2\/media?parent=497999"}],"wp:term":[{"taxonomy":"category","embeddable":true,"href":"https:\/\/deultimominuto.com\/en\/wp-json\/wp\/v2\/categories?post=497999"},{"taxonomy":"post_tag","embeddable":true,"href":"https:\/\/deultimominuto.com\/en\/wp-json\/wp\/v2\/tags?post=497999"}],"curies":[{"name":"wp","href":"https:\/\/api.w.org\/{rel}","templated":true}]}}